{"id":116023,"date":"2022-11-18T08:04:35","date_gmt":"2022-11-18T11:04:35","guid":{"rendered":"http:\/\/vinasfm.com\/noticias\/?p=116023"},"modified":"2022-11-21T08:10:41","modified_gmt":"2022-11-21T11:10:41","slug":"comenzo-el-congreso-internacional-de-adicciones-y-vulnerabilidades-psicosociales-en-general-alvear","status":"publish","type":"post","link":"https:\/\/vinasfm.com\/noticias\/comenzo-el-congreso-internacional-de-adicciones-y-vulnerabilidades-psicosociales-en-general-alvear\/","title":{"rendered":"COMENZ\u00d3 EL CONGRESO INTERNACIONAL DE ADICCIONES Y VULNERABILIDADES PSICOSOCIALES, EN GENERAL ALVEAR"},"content":{"rendered":"<h4><strong>En el sal\u00f3n Fern\u00e1ndez del predio ferial, inici\u00f3 el III Congreso Internacional de Adicciones y Vulnerabilidades Psicosociales, que por primera vez se realiza en nuestro Departamento, con la presencia de especialistas en la materia.<\/strong><\/h4>\n<p>El Congreso, en su tercera edici\u00f3n, se realiza desde ayer 17 de noviembre hasta el s\u00e1bado 19 en General Alvear. Cuenta con una modalidad presencial y virtual, est\u00e1 destinado a profesionales y estudiantes de psicolog\u00eda, trabajadores del \u00e1mbito de la salud, educaci\u00f3n, justicia, organizaciones gubernamentales y no gubernamentales, trabajadores sociales, t\u00e9cnicos, acompa\u00f1antes terap\u00e9uticos y p\u00fablico en general. Todos los interesados pueden acercarse al predio ferial para escuchar a referentes en la tem\u00e1tica de nuestro Pa\u00eds, como de Paraguay, M\u00e9xico, Uruguay, Colombia. Asimismo, est\u00e1 presente la Federaci\u00f3n de Organizaciones no gubernamentales de la Argentina para la Prevenci\u00f3n y el Tratamiento del Abuso de Drogas -FONGA-.<\/p>\n<p>Entre los temas que se abordar\u00e1n se pueden mencionar la prevenci\u00f3n, abordajes comunitarios y vulnerabilidades psicosociales; investigaci\u00f3n, ciencias sociales y adicciones; Derechos Humanos, g\u00e9nero y diversidad; violencias; actividad f\u00edsica, terapias ocupacionales, actividades art\u00edsticas, espiritualidad; marcos normativos y legales (locales, nacionales e internacionales), pol\u00edticas p\u00fablicas preventivas y de asistencia de consumos problem\u00e1ticos; enfoques y abordajes de familias; ni\u00f1ez y juventud; conductas autodestructivas y suicidio; experiencia, meditaci\u00f3n, terapias alternativas y proyectos, prop\u00f3sito, sentido y oportunidades de vida.<\/p>\n<p><a href=\"http:\/\/vinasfm.com\/noticias\/wp-content\/uploads\/2022\/11\/Congreso-Adicciones-38-scaled.jpg\"><img loading=\"lazy\" decoding=\"async\" class=\"wp-image-116029 aligncenter\" src=\"http:\/\/vinasfm.com\/noticias\/wp-content\/uploads\/2022\/11\/Congreso-Adicciones-38-scaled.jpg\" alt=\"\" width=\"568\" height=\"320\" srcset=\"https:\/\/vinasfm.com\/noticias\/wp-content\/uploads\/2022\/11\/Congreso-Adicciones-38-scaled.jpg 2560w, https:\/\/vinasfm.com\/noticias\/wp-content\/uploads\/2022\/11\/Congreso-Adicciones-38-300x169.jpg 300w, https:\/\/vinasfm.com\/noticias\/wp-content\/uploads\/2022\/11\/Congreso-Adicciones-38-1024x576.jpg 1024w, https:\/\/vinasfm.com\/noticias\/wp-content\/uploads\/2022\/11\/Congreso-Adicciones-38-768x432.jpg 768w, https:\/\/vinasfm.com\/noticias\/wp-content\/uploads\/2022\/11\/Congreso-Adicciones-38-1536x864.jpg 1536w, https:\/\/vinasfm.com\/noticias\/wp-content\/uploads\/2022\/11\/Congreso-Adicciones-38-2048x1152.jpg 2048w, https:\/\/vinasfm.com\/noticias\/wp-content\/uploads\/2022\/11\/Congreso-Adicciones-38-1140x641.jpg 1140w\" sizes=\"auto, (max-width: 568px) 100vw, 568px\" \/><\/a><\/p>\n<p>El Intendente Walther Marcolini destac\u00f3 la puesta en valor de la problem\u00e1tica que trabaja el III Congreso Internacional de Adicciones:<strong><em> &#8216;A\u00fan no hemos tomado dimensi\u00f3n de lo que sucede en General Alvear, tenemos un alto nivel de disertantes sobre una de las problem\u00e1ticas m\u00e1s graves que atraviesan las comunidades del Mundo de hoy en d\u00eda. Quiero agradecer al comit\u00e9 organizador, a las instituciones que lo conforman, al comit\u00e9 internacional y al nacional, dado que durante tres d\u00edas se va a trabajar sobre una problem\u00e1tica que hay que transformar en pol\u00edticas p\u00fablicas. El Congreso fue habilitado para todo p\u00fablico, para colegios de nivel medio, para que puedan venir a escuchar testimonios y ponencias sobre prevenci\u00f3n&#8217;.<\/em> <\/strong>Igualmente, agradeci\u00f3 al Licenciado Diego C\u00e1ceres, quien ha sido un actor central en las capacitaciones de prevenci\u00f3n, durante seis a\u00f1os ininterrumpidos, de formaci\u00f3n de operadores socio terap\u00e9uticos. Destac\u00f3 el trabajo en red por parte de quienes organizaron este importante Congreso Internacional, donde el municipio lo asume como una pol\u00edtica m\u00e1s, siendo un facilitador, tal como debe ser la funci\u00f3n del Estado.<\/p>\n<p>Una de las figuras que se encuentra presente en nuestro departamento para ser parte de este Congreso, es Mar\u00eda Isabel Santos, de Colombia, quien es viuda de Pablo Escobar Gaviria, expres\u00f3: <strong><em>&#8216;He sido invitada por la Fundaci\u00f3n de Vulnerabilidades psicosociales y adicciones, tambi\u00e9n por la Municipalidad de General Alvear. Estoy agradecida de poder estar ac\u00e1 para contar mi historia, para que no se repitan situaciones de violencia. A veces vivimos sumergidos en violencias que autonaturalizamos, en sociedades machistas, donde a las mujeres no se les permite opinar. Es necesario que nos demos cuenta de esa violencia para poder pedir ayuda. Ma\u00f1ana, viernes 18 de noviembre, a las 17:30hs, voy a disertar \u00faltima, espero a todos para que podamos compartir, voy a comentar lo que viv\u00ed durante diez a\u00f1os de guerra y quiero conversar con el p\u00fablico presente. Adem\u00e1s, tengo un gran agradecimiento a los argentinos y a este Pa\u00eds, que me abri\u00f3 las puertas en momentos muy dif\u00edciles para m\u00ed&#8217;.<\/em><\/strong><\/p>\n<p><a href=\"http:\/\/vinasfm.com\/noticias\/wp-content\/uploads\/2022\/11\/Congreso-Adicciones-29-scaled.jpg\"><img loading=\"lazy\" decoding=\"async\" class=\"wp-image-116030 aligncenter\" src=\"http:\/\/vinasfm.com\/noticias\/wp-content\/uploads\/2022\/11\/Congreso-Adicciones-29-scaled.jpg\" alt=\"\" width=\"568\" height=\"320\" srcset=\"https:\/\/vinasfm.com\/noticias\/wp-content\/uploads\/2022\/11\/Congreso-Adicciones-29-scaled.jpg 2560w, https:\/\/vinasfm.com\/noticias\/wp-content\/uploads\/2022\/11\/Congreso-Adicciones-29-300x169.jpg 300w, https:\/\/vinasfm.com\/noticias\/wp-content\/uploads\/2022\/11\/Congreso-Adicciones-29-1024x576.jpg 1024w, https:\/\/vinasfm.com\/noticias\/wp-content\/uploads\/2022\/11\/Congreso-Adicciones-29-768x432.jpg 768w, https:\/\/vinasfm.com\/noticias\/wp-content\/uploads\/2022\/11\/Congreso-Adicciones-29-1536x864.jpg 1536w, https:\/\/vinasfm.com\/noticias\/wp-content\/uploads\/2022\/11\/Congreso-Adicciones-29-2048x1152.jpg 2048w, https:\/\/vinasfm.com\/noticias\/wp-content\/uploads\/2022\/11\/Congreso-Adicciones-29-1140x641.jpg 1140w\" sizes=\"auto, (max-width: 568px) 100vw, 568px\" \/><\/a><\/p>\n<p>La Rectora Universidad Metropolitana de Asunci\u00f3n del Paraguay, Dra. Mar\u00eda Liz Garc\u00eda Arnold resalt\u00f3 que es una alegr\u00eda estar ac\u00e1: <strong><em>&#8216;Desde la instituci\u00f3n educativa que represento apoyamos este III Congreso Internacional de Adicciones. Voy a disertar ma\u00f1ana, abordando lo que hace a la incidencia del crimen organizado en materia de adicciones. Realizamos un trabajo arduo en prevenci\u00f3n de adicciones desde 2015, enmarcado en pol\u00edticas p\u00fablicas que deben tener incidencia. Las ciudades peque\u00f1as son plausibles de insertar pol\u00edticas p\u00fablicas con una mirada que hace al sostenimiento de la salud mental de la poblaci\u00f3n, que constituye la sociedad que todos queremos en paz&#8217;.<\/em><\/strong><\/p>\n<p>La Presidenta del Comit\u00e9 Organizador T\u00e9cn. Liliana Augusto agradeci\u00f3 al Intendente Marcolini por el espacio:<em><strong> &#8216;Venimos trabajando hace tiempo en un congreso virtual, este es presencial y es un gran desaf\u00edo, con el objetivo de reconocer que los consumos problem\u00e1ticos no vienen solos, sino de la mano de otras vulnerabilidades, como autolesiones, suicidio, bulling, violencia. Est\u00e1n abiertas las puertas para quienes quieran venir a participar, no se puede desaprovechar esta oportunidad, por la calidad de los disertantes que participan en esta edici\u00f3n&#8217;.<\/strong><\/em><\/p>\n<p>Desde la Organizaci\u00f3n, Rogelio Guerrera subray\u00f3 que es un gran objetivo cumplido: <em><strong>&#8216;Gracias a mucha gente que nos ha acompa\u00f1ado y conf\u00eda, tambi\u00e9n por el compromiso del municipio, de los medios de comunicaci\u00f3n, de las escuelas locales. Estamos felices de traer este Congreso Internacional a General Alvear. Si este tema no se hace carne en la sociedad, nos va a seguir quitando vidas, como lo est\u00e1 haciendo. En esta tercera edici\u00f3n presencial van a participar alrededor de 300 personas, de manera presencial y On line, es un exitos\u00edsimo encuentro, destacando que es el primero presencial, despu\u00e9s de dos que se realizaron solo de modo virtual&#8217;<\/strong><\/em> concluy\u00f3.<\/p>\n<p><a href=\"http:\/\/vinasfm.com\/noticias\/wp-content\/uploads\/2022\/11\/Congreso-Adicciones-22-scaled.jpg\"><img loading=\"lazy\" decoding=\"async\" class=\"wp-image-116033 aligncenter\" src=\"http:\/\/vinasfm.com\/noticias\/wp-content\/uploads\/2022\/11\/Congreso-Adicciones-22-scaled.jpg\" alt=\"\" width=\"568\" height=\"320\" srcset=\"https:\/\/vinasfm.com\/noticias\/wp-content\/uploads\/2022\/11\/Congreso-Adicciones-22-scaled.jpg 2560w, https:\/\/vinasfm.com\/noticias\/wp-content\/uploads\/2022\/11\/Congreso-Adicciones-22-300x169.jpg 300w, https:\/\/vinasfm.com\/noticias\/wp-content\/uploads\/2022\/11\/Congreso-Adicciones-22-1024x576.jpg 1024w, https:\/\/vinasfm.com\/noticias\/wp-content\/uploads\/2022\/11\/Congreso-Adicciones-22-768x432.jpg 768w, https:\/\/vinasfm.com\/noticias\/wp-content\/uploads\/2022\/11\/Congreso-Adicciones-22-1536x864.jpg 1536w, https:\/\/vinasfm.com\/noticias\/wp-content\/uploads\/2022\/11\/Congreso-Adicciones-22-2048x1152.jpg 2048w, https:\/\/vinasfm.com\/noticias\/wp-content\/uploads\/2022\/11\/Congreso-Adicciones-22-1140x641.jpg 1140w\" sizes=\"auto, (max-width: 568px) 100vw, 568px\" \/><\/a><\/p>\n<p>Asimismo, el Dr. Alejandro Aguila Tejeda(M\u00e9xico), Director de la Red Mundial Suicidologia, expres\u00f3: <em><strong>&#8216;Presentar\u00e9 una situaci\u00f3n actual del suicidio en M\u00e9xico, para saber si hay m\u00e1s hombres que mujeres, y c\u00f3mo es la situaci\u00f3n tanto en mi pa\u00eds como en el resto del mundo. Nosotros tenemos presencia en todo el mundo, con el objetivo de educar acerca de c\u00f3mo prevenir el acto suicida&#8217;.<\/strong><\/em> Fabi\u00e1n Tonda, Presidente F.U.N.G.A., que nuclea comunidades terap\u00e9uticas asegur\u00f3 que: <strong><em>&#8216;B\u00e1sicamente tratamos la asistencia en s\u00ed y toda la evoluci\u00f3n que hubo en todo este tiempo en materia de formaci\u00f3n, criterios de calidad, buenas pr\u00e1cticas de intervenci\u00f3n, todo eso es lo que vamos a traer ac\u00e1 al Congreso. Ayer me pas\u00f3 algo fant\u00e1stico en relaci\u00f3n a esto, ya que le cont\u00e9 a una comerciante lo que ven\u00eda a hacer y ella ya sab\u00eda porque se han dictado charlas en escuelas y otros espacios&#8217;.<\/em><\/strong><\/p>\n<p>El Licenciado en Sociolog\u00eda, Director de Cetrac y Ex Director del Sedronar, Lic. Ignacio O&#8217; Donell , dijo que: <strong><em>&#8216;Ac\u00e1 se habla de vulnerabilidades psicosociales, que est\u00e1n vinculadas a las adicciones, como suicidio, gente en situaci\u00f3n de calle, situaci\u00f3n de encierro y otras&#8217;.<\/em><\/strong><\/p>\n<p>Este s\u00e1bado a las 9 hs, disertar\u00e1 el Lic. Guillermo Lobo, reconocido periodista de TN y Canal 13, entre otros disertantes de prestigio.<\/p>\n","protected":false},"excerpt":{"rendered":"<p>En el sal\u00f3n Fern\u00e1ndez del predio ferial, inici\u00f3 el III Congreso Internacional de Adicciones y Vulnerabilidades Psicosociales, que por primera vez &#8230;<\/p>\n","protected":false},"author":7,"featured_media":116028,"comment_status":"open","ping_status":"open","sticky":false,"template":"","format":"standard","meta":{"footnotes":""},"categories":[5,10],"tags":[],"class_list":["post-116023","post","type-post","status-publish","format-standard","has-post-thumbnail","hentry","category-actualidad","category-destacadas"],"_links":{"self":[{"href":"https:\/\/vinasfm.com\/noticias\/wp-json\/wp\/v2\/posts\/116023","targetHints":{"allow":["GET"]}}],"collection":[{"href":"https:\/\/vinasfm.com\/noticias\/wp-json\/wp\/v2\/posts"}],"about":[{"href":"https:\/\/vinasfm.com\/noticias\/wp-json\/wp\/v2\/types\/post"}],"author":[{"embeddable":true,"href":"https:\/\/vinasfm.com\/noticias\/wp-json\/wp\/v2\/users\/7"}],"replies":[{"embeddable":true,"href":"https:\/\/vinasfm.com\/noticias\/wp-json\/wp\/v2\/comments?post=116023"}],"version-history":[{"count":2,"href":"https:\/\/vinasfm.com\/noticias\/wp-json\/wp\/v2\/posts\/116023\/revisions"}],"predecessor-version":[{"id":116041,"href":"https:\/\/vinasfm.com\/noticias\/wp-json\/wp\/v2\/posts\/116023\/revisions\/116041"}],"wp:featuredmedia":[{"embeddable":true,"href":"https:\/\/vinasfm.com\/noticias\/wp-json\/wp\/v2\/media\/116028"}],"wp:attachment":[{"href":"https:\/\/vinasfm.com\/noticias\/wp-json\/wp\/v2\/media?parent=116023"}],"wp:term":[{"taxonomy":"category","embeddable":true,"href":"https:\/\/vinasfm.com\/noticias\/wp-json\/wp\/v2\/categories?post=116023"},{"taxonomy":"post_tag","embeddable":true,"href":"https:\/\/vinasfm.com\/noticias\/wp-json\/wp\/v2\/tags?post=116023"}],"curies":[{"name":"wp","href":"https:\/\/api.w.org\/{rel}","templated":true}]}}