{"id":116018,"date":"2022-11-18T00:14:56","date_gmt":"2022-11-18T03:14:56","guid":{"rendered":"http:\/\/vinasfm.com\/noticias\/?p=116018"},"modified":"2022-11-21T08:04:15","modified_gmt":"2022-11-21T11:04:15","slug":"educar-para-proteger-el-futuro-14-de-noviembre-dia-mundial-de-la-diabetes","status":"publish","type":"post","link":"https:\/\/vinasfm.com\/noticias\/educar-para-proteger-el-futuro-14-de-noviembre-dia-mundial-de-la-diabetes\/","title":{"rendered":"EDUCAR PARA PROTEGER EL FUTURO; 14 DE NOVIEMBRE D\u00cdA MUNDIAL DE LA DIABETES"},"content":{"rendered":"<h4><strong>El 14 de noviembre se conmemora el D\u00eda Mundial de la Diabetes, que tiene como fin concientizar acerca de la diabetes.\u00a0<\/strong><\/h4>\n<p><em><strong>En Argentina se estima que 1 de cada 10 argentinos de 18 a\u00f1os o m\u00e1s tienen diabetes<\/strong> <\/em>y dado que, por varios a\u00f1os permanece si sin s\u00edntomas, <strong><em>aproximadamente 4 de cada 10 personas que padecen la enfermedad lo desconoce.<\/em><\/strong> Es por eso que el d\u00eda 14 de noviembre de cada a\u00f1os, organismos de la salud se encargan de realizar tareas de concientizaci\u00f3n.<\/p>\n<p>Por tal motivo, desde el Municipio de General Alvear se han propuesto algunos eventos para apoyar a la causa,<em><strong> &#8216;el mismo lunes 14 de noviembre se cambi\u00f3 la luminaria a color celeste (identificativo de la lucha) del Monumento al General San Mart\u00edn, el Edificio Municipal y el Hospital Enfermeros Argentinos&#8217;<\/strong><\/em> explic\u00f3 el Dr. Marcelo Montanari.<\/p>\n<p>Este viernes 18 llegar\u00e1 al departamento personal del Programa Provincial de Diabetes que junto al Servicio de Nutrici\u00f3n del hospital, realizaran algunos talleres de capacitaci\u00f3n y educaci\u00f3n. <strong><em>&#8216;Est\u00e1 destinado al personal y personas diagnosticadas y tambi\u00e9n a su circulo, en donde se hablar\u00e1 sobre educaci\u00f3n y tratamiento para esta patolog\u00eda&#8217;<\/em><\/strong> detall\u00f3 Montanari.<\/p>\n<p>En la provincia se percibe entre un 10% y 12% de enfermos patol\u00f3gicos que, por no ser diagnosticados, son cifras mucho m\u00e1s alarmantes. <strong><em>&#8216;El slogan de esta campa\u00f1a es \u00abEducar para proteger el futuro\u00bb y por eso insistimos en concientizar para evitar las complicaciones que son discapacitantes&#8217;<\/em><\/strong> concluy\u00f3 el Dr. Marcelo Montanari.<\/p>\n<h6>G. VALLEJOS<\/h6>\n","protected":false},"excerpt":{"rendered":"<p>El 14 de noviembre se conmemora el D\u00eda Mundial de la Diabetes, que tiene como fin concientizar acerca de la diabetes.\u00a0 &#8230;<\/p>\n","protected":false},"author":7,"featured_media":116021,"comment_status":"open","ping_status":"open","sticky":false,"template":"","format":"standard","meta":{"footnotes":""},"categories":[5,15],"tags":[],"class_list":["post-116018","post","type-post","status-publish","format-standard","has-post-thumbnail","hentry","category-actualidad","category-salud"],"_links":{"self":[{"href":"https:\/\/vinasfm.com\/noticias\/wp-json\/wp\/v2\/posts\/116018","targetHints":{"allow":["GET"]}}],"collection":[{"href":"https:\/\/vinasfm.com\/noticias\/wp-json\/wp\/v2\/posts"}],"about":[{"href":"https:\/\/vinasfm.com\/noticias\/wp-json\/wp\/v2\/types\/post"}],"author":[{"embeddable":true,"href":"https:\/\/vinasfm.com\/noticias\/wp-json\/wp\/v2\/users\/7"}],"replies":[{"embeddable":true,"href":"https:\/\/vinasfm.com\/noticias\/wp-json\/wp\/v2\/comments?post=116018"}],"version-history":[{"count":1,"href":"https:\/\/vinasfm.com\/noticias\/wp-json\/wp\/v2\/posts\/116018\/revisions"}],"predecessor-version":[{"id":116022,"href":"https:\/\/vinasfm.com\/noticias\/wp-json\/wp\/v2\/posts\/116018\/revisions\/116022"}],"wp:featuredmedia":[{"embeddable":true,"href":"https:\/\/vinasfm.com\/noticias\/wp-json\/wp\/v2\/media\/116021"}],"wp:attachment":[{"href":"https:\/\/vinasfm.com\/noticias\/wp-json\/wp\/v2\/media?parent=116018"}],"wp:term":[{"taxonomy":"category","embeddable":true,"href":"https:\/\/vinasfm.com\/noticias\/wp-json\/wp\/v2\/categories?post=116018"},{"taxonomy":"post_tag","embeddable":true,"href":"https:\/\/vinasfm.com\/noticias\/wp-json\/wp\/v2\/tags?post=116018"}],"curies":[{"name":"wp","href":"https:\/\/api.w.org\/{rel}","templated":true}]}}