{"id":116014,"date":"2022-11-17T23:47:25","date_gmt":"2022-11-18T02:47:25","guid":{"rendered":"http:\/\/vinasfm.com\/noticias\/?p=116014"},"modified":"2022-11-21T08:00:50","modified_gmt":"2022-11-21T11:00:50","slug":"17-de-noviembre-dia-de-la-prematuridad","status":"publish","type":"post","link":"https:\/\/vinasfm.com\/noticias\/17-de-noviembre-dia-de-la-prematuridad\/","title":{"rendered":"17 DE NOVIEMBRE, D\u00cdA DE LA PREMATURIDAD"},"content":{"rendered":"<h4><strong>Durante la jornada del jueves, se realiz\u00f3 una convocatoria por parte del Comit\u00e9 Departamental de Lactancia Materna, en conmemoraci\u00f3n por el \u00abD\u00eda del prematuro y la lactancia materna\u00bb.\u00a0<\/strong><\/h4>\n<p>El Comit\u00e9 Departamental de Lactancia Materna est\u00e1 conformado por el \u00e1rea de salud de la municipalidad. O.S.E.P., jardines maternales y el Hospital Enfermeros Argentinos. <strong><em>&#8216;Esta convocatoria est\u00e1 dedicada a muchas mam\u00e1s que est\u00e1n con dudas sobre su lactancia, el tema de hoy es la donaci\u00f3n de leche. Consideramos que el mejor abrazo que le podemos a una familia es ayudarlos a alimentar bien a los beb\u00e9s internados por alta complejidad&#8217;<\/em><\/strong> expres\u00f3 la Dra. Graciela Raich. <strong><em>&#8216;Por la regionalizaci\u00f3n que se hizo, nosotros no recibimos beb\u00e9s con un peso menor a 1.500gr. porque no tenemos los recursos necesarios&#8217; <\/em><\/strong>expres\u00f3 y agreg\u00f3 que<strong><em> &#8216;luego de superar complejidades respiratorias se trabaja en la alimentaci\u00f3n y nutrici\u00f3n del prematuro&#8217;.\u00a0<\/em><\/strong><\/p>\n<p>El D\u00eda Mundial de la Prematuridad, el\u00a0<b>17 de noviembre<\/b>, es uno de los d\u00edas m\u00e1s importantes del a\u00f1o para crear conciencia sobre los desaf\u00edos y la carga del parto prematuro a nivel mundial. El mejor alimento para el prematuro es la leche materna (de su madre o, si esto no fuera posible, de un Banco de Leche Humana). <strong><em>&#8216;La gente no conoce el concepto de Banco de Leche, por eso hoy trabajamos en explicar y dar a conocer como funcia la donaci\u00f3n y resguardo de leche materna&#8217;.<\/em><\/strong><\/p>\n<p>Por su parte, la nutricionista Celeste V\u00edlchez hiso hincapi\u00e9 en la importancia de esta jornada <strong><em>&#8216;es fundamental fomentar la lactancia materna, sobre todo en los primeros d\u00edas, y todos tenemos que acompa\u00f1ar a la familia. Como equipos de salud no tenemos que ser ajenos&#8217;<\/em><\/strong> y sum\u00f3 <em><strong>&#8216;es una iniciativa que surgi\u00f3 del comit\u00e9 para desarrollar estas charlas y talleres abiertos a la comunidad&#8217;.<\/strong><\/em><\/p>\n<p><em><strong>&#8216;Hoy abrazamos a las familias de los prematuros y las familias que est\u00e1n donando leche en el centro de nuestro hospital&#8217;<\/strong> <\/em>concluy\u00f3 Raich.<\/p>\n<h6>G. VALLEJOS<\/h6>\n","protected":false},"excerpt":{"rendered":"<p>Durante la jornada del jueves, se realiz\u00f3 una convocatoria por parte del Comit\u00e9 Departamental de Lactancia Materna, en conmemoraci\u00f3n por el &#8230;<\/p>\n","protected":false},"author":7,"featured_media":116015,"comment_status":"open","ping_status":"open","sticky":false,"template":"","format":"standard","meta":{"footnotes":""},"categories":[5,15],"tags":[],"class_list":["post-116014","post","type-post","status-publish","format-standard","has-post-thumbnail","hentry","category-actualidad","category-salud"],"_links":{"self":[{"href":"https:\/\/vinasfm.com\/noticias\/wp-json\/wp\/v2\/posts\/116014","targetHints":{"allow":["GET"]}}],"collection":[{"href":"https:\/\/vinasfm.com\/noticias\/wp-json\/wp\/v2\/posts"}],"about":[{"href":"https:\/\/vinasfm.com\/noticias\/wp-json\/wp\/v2\/types\/post"}],"author":[{"embeddable":true,"href":"https:\/\/vinasfm.com\/noticias\/wp-json\/wp\/v2\/users\/7"}],"replies":[{"embeddable":true,"href":"https:\/\/vinasfm.com\/noticias\/wp-json\/wp\/v2\/comments?post=116014"}],"version-history":[{"count":2,"href":"https:\/\/vinasfm.com\/noticias\/wp-json\/wp\/v2\/posts\/116014\/revisions"}],"predecessor-version":[{"id":116017,"href":"https:\/\/vinasfm.com\/noticias\/wp-json\/wp\/v2\/posts\/116014\/revisions\/116017"}],"wp:featuredmedia":[{"embeddable":true,"href":"https:\/\/vinasfm.com\/noticias\/wp-json\/wp\/v2\/media\/116015"}],"wp:attachment":[{"href":"https:\/\/vinasfm.com\/noticias\/wp-json\/wp\/v2\/media?parent=116014"}],"wp:term":[{"taxonomy":"category","embeddable":true,"href":"https:\/\/vinasfm.com\/noticias\/wp-json\/wp\/v2\/categories?post=116014"},{"taxonomy":"post_tag","embeddable":true,"href":"https:\/\/vinasfm.com\/noticias\/wp-json\/wp\/v2\/tags?post=116014"}],"curies":[{"name":"wp","href":"https:\/\/api.w.org\/{rel}","templated":true}]}}