{"id":115994,"date":"2022-11-16T10:34:09","date_gmt":"2022-11-16T13:34:09","guid":{"rendered":"http:\/\/vinasfm.com\/noticias\/?p=115994"},"modified":"2022-11-18T08:21:29","modified_gmt":"2022-11-18T11:21:29","slug":"el-partido-democrata-renueva-sus-autoridades","status":"publish","type":"post","link":"https:\/\/vinasfm.com\/noticias\/el-partido-democrata-renueva-sus-autoridades\/","title":{"rendered":"EL PARTIDO DEM\u00d3CRATA RENUEVA SUS AUTORIDADES"},"content":{"rendered":"<h4><strong>El pr\u00f3ximo viernes se llevar\u00e1 a cabo la asunci\u00f3n de las nuevas autoridades partidarias del Partido Dem\u00f3crata.\u00a0<\/strong><\/h4>\n<p>Alfredo Sandmeier ser\u00e1 el nuevo presidente del P.D., con respecto a ello la actual presidente, Andrea P\u00e9rez Bernal dijo <em><strong>&#8216;es un orgullo porque le va a dar continuidad al trabajo que hemos venido haciendo que ha logrado que nuestro partido est\u00e9 hoy en la boca de la poblaci\u00f3n de General Alvear, que marca un buen camino que vamos a continuar&#8217;.\u00a0<\/strong><\/em><\/p>\n<p>El pr\u00f3ximo presidente expres\u00f3 que <strong><em>&#8216;es un desaf\u00edo interesante en donde vamos a seguir creciendo para sumar y seguir llegando a la comunidad&#8217;<\/em><\/strong>. Quien tomar\u00e1 el cargo de vicepresidente del partido ser\u00e1 Albero Larregola. Bernal, quien se desempe\u00f1a hasta el momento como la m\u00e1xima autoridad en la sede departamental, hace semanas asumi\u00f3 como vicepresidencia provincial del P.D.<\/p>\n<p>La asunci\u00f3n oficial se dar\u00e1 el viernes a las 21:00 en la sede partidaria.<\/p>\n","protected":false},"excerpt":{"rendered":"<p>El pr\u00f3ximo viernes se llevar\u00e1 a cabo la asunci\u00f3n de las nuevas autoridades partidarias del Partido Dem\u00f3crata.\u00a0 Alfredo Sandmeier ser\u00e1 el &#8230;<\/p>\n","protected":false},"author":7,"featured_media":45975,"comment_status":"open","ping_status":"open","sticky":false,"template":"","format":"standard","meta":{"footnotes":""},"categories":[5,10],"tags":[],"class_list":["post-115994","post","type-post","status-publish","format-standard","has-post-thumbnail","hentry","category-actualidad","category-destacadas"],"_links":{"self":[{"href":"https:\/\/vinasfm.com\/noticias\/wp-json\/wp\/v2\/posts\/115994","targetHints":{"allow":["GET"]}}],"collection":[{"href":"https:\/\/vinasfm.com\/noticias\/wp-json\/wp\/v2\/posts"}],"about":[{"href":"https:\/\/vinasfm.com\/noticias\/wp-json\/wp\/v2\/types\/post"}],"author":[{"embeddable":true,"href":"https:\/\/vinasfm.com\/noticias\/wp-json\/wp\/v2\/users\/7"}],"replies":[{"embeddable":true,"href":"https:\/\/vinasfm.com\/noticias\/wp-json\/wp\/v2\/comments?post=115994"}],"version-history":[{"count":3,"href":"https:\/\/vinasfm.com\/noticias\/wp-json\/wp\/v2\/posts\/115994\/revisions"}],"predecessor-version":[{"id":115998,"href":"https:\/\/vinasfm.com\/noticias\/wp-json\/wp\/v2\/posts\/115994\/revisions\/115998"}],"wp:featuredmedia":[{"embeddable":true,"href":"https:\/\/vinasfm.com\/noticias\/wp-json\/wp\/v2\/media\/45975"}],"wp:attachment":[{"href":"https:\/\/vinasfm.com\/noticias\/wp-json\/wp\/v2\/media?parent=115994"}],"wp:term":[{"taxonomy":"category","embeddable":true,"href":"https:\/\/vinasfm.com\/noticias\/wp-json\/wp\/v2\/categories?post=115994"},{"taxonomy":"post_tag","embeddable":true,"href":"https:\/\/vinasfm.com\/noticias\/wp-json\/wp\/v2\/tags?post=115994"}],"curies":[{"name":"wp","href":"https:\/\/api.w.org\/{rel}","templated":true}]}}