{"id":115982,"date":"2022-11-16T09:08:26","date_gmt":"2022-11-16T12:08:26","guid":{"rendered":"http:\/\/vinasfm.com\/noticias\/?p=115982"},"modified":"2022-11-18T08:06:32","modified_gmt":"2022-11-18T11:06:32","slug":"heladas-tardias-el-diputado-omar-felix-propone-que-se-declare-la-emergencia-economica-y-agropecuaria-hasta-mayo-del-2024","status":"publish","type":"post","link":"https:\/\/vinasfm.com\/noticias\/heladas-tardias-el-diputado-omar-felix-propone-que-se-declare-la-emergencia-economica-y-agropecuaria-hasta-mayo-del-2024\/","title":{"rendered":"HELADAS TARD\u00cdAS: EL DIPUTADO OMAR F\u00c9LIX PROPONE QUE SE DECLARE LA EMERGENCIA ECON\u00d3MICA Y AGROPECUARIA HASTA MAYO DEL 2024"},"content":{"rendered":"<p><strong>Est\u00e1n comprendidos en los beneficios que se establecen, adem\u00e1s del sector agropecuario, lo siguientes sectores: industrial, comercial y servicios, en la medida que acrediten una ca\u00edda del volumen de facturaci\u00f3n superior al 25%, conforme se acredite en la forma que determine la autoridad de aplicaci\u00f3n.<\/strong><\/p>\n<p>Mendoza es una de las provincias m\u00e1s afectadas del pa\u00eds por las heladas tard\u00edas. Las bajas temperaturas causaron importantes da\u00f1os en la producci\u00f3n de uvas, y m\u00e1s de la mitad de la zona afectada sufri\u00f3 p\u00e9rdidas del 100%.\u00a0 Omar F\u00e9lix que es diputado del Frente de Todos, desarroll\u00f3 una propuesta a los efectos de afrontar las consecuencias causadas por las heladas tard\u00edas de la primavera del a\u00f1o 2022 declarase la emergencia econ\u00f3mica, agropecuaria y hasta el d\u00eda 30 de mayo de 2024, con los alcances y particularidades establecidas en la presente.<\/p>\n<p>El legislador sanrafaelino destac\u00f3 que est\u00e1n comprendidos en los beneficios que se establecen, adem\u00e1s del sector agropecuario, lo siguientes sectores: industrial, comercial y servicios, en la medida que acrediten una ca\u00edda del volumen de facturaci\u00f3n superior al 25%, conforme se acredite en la forma que determine la autoridad de aplicaci\u00f3n.<\/p>\n<p>Para el sector agropecuario continuaran vigentes los beneficios, plazos y procedimientos establecidos en la ley 9083 con las modificaciones y ampliaciones establecidas en la presente. Para el resto de las actividades comprendidas, los beneficios se regir\u00e1n exclusivamente por la presente ley, con las remisiones espec\u00edficas que se efect\u00faen.<\/p>\n<p><strong><em>&#8216;C\u00f3mo es de p\u00fablico conocimiento, diversas zonas de la Provincia de Mendoza han sufrido las consecuencias de un grave fen\u00f3meno climatol\u00f3gico que se ha afectado de manera directa e irreversible al aparato productivo de nuestra provincia&#8217;<\/em><\/strong>, remarc\u00f3 el autor de la propuesta.<\/p>\n<p>El presente proyecto de Ley tiene el objetivo directo de paliar esta grave situaci\u00f3n cuanto antes. Con miras a ello, su articulado replica aquel de la Ley N\u00b0 26697, sancionada en el a\u00f1o 2011, que declar\u00f3 zona de desastre y emergencia econ\u00f3mica y social a distintos departamentos de las Provincias de R\u00edo Negro y Neuqu\u00e9n luego de la erupci\u00f3n del Complejo Volc\u00e1nico Puyehue-Cord\u00f3n Caulle, en la Rep\u00fablica de Chile.<\/p>\n<p><strong><em>&#8216;Es indudable que, en momentos como este, debemos aunar esfuerzos a nivel provincial y utilizar todas las herramientas a nuestro alcance para acompa\u00f1ar a todos los mendocinos que se encuentran en un grave estado de vulnerabilidad. Confiamos en que estas facultades conferidas puedan contener y revertir los da\u00f1os inmediatos y posteriores del desastre clim\u00e1tico&#8217;<\/em><\/strong>, resalt\u00f3 F\u00e9lix.<\/p>\n<p>Con relaci\u00f3n a los beneficios para sector industrial, comercial y de servicios, podemos mencionar que las peque\u00f1as y medianas empresas, sean personas humanas y jur\u00eddicas, que acrediten una afectaci\u00f3n conforme al art\u00edculo 2\u00ba, tendr\u00e1n los siguientes beneficios: Se aplicar\u00e1 \u00a0la misma bonificaci\u00f3n establecida en el art\u00edculo 11 inciso e) de la ley 9083, habr\u00e1 eximici\u00f3n de los impuestos inmobiliario \u2013por las propiedades directamente afectadas a su actividad-, impuesto a los Ingresos Brutos e Impuesto de Sellos e impuesto de patentes, en el caso de los veh\u00edculos de los productores afectados a la producci\u00f3n y de las empresas de transporte.<\/p>\n<p>Cabe indicar que todos los beneficios establecidos en la presente ser\u00e1n por el plazo de vigencia de la emergencia.<\/p>\n","protected":false},"excerpt":{"rendered":"<p>Est\u00e1n comprendidos en los beneficios que se establecen, adem\u00e1s del sector agropecuario, lo siguientes sectores: industrial, comercial y servicios, en la &#8230;<\/p>\n","protected":false},"author":7,"featured_media":115983,"comment_status":"open","ping_status":"open","sticky":false,"template":"","format":"standard","meta":{"footnotes":""},"categories":[5,10],"tags":[],"class_list":["post-115982","post","type-post","status-publish","format-standard","has-post-thumbnail","hentry","category-actualidad","category-destacadas"],"_links":{"self":[{"href":"https:\/\/vinasfm.com\/noticias\/wp-json\/wp\/v2\/posts\/115982","targetHints":{"allow":["GET"]}}],"collection":[{"href":"https:\/\/vinasfm.com\/noticias\/wp-json\/wp\/v2\/posts"}],"about":[{"href":"https:\/\/vinasfm.com\/noticias\/wp-json\/wp\/v2\/types\/post"}],"author":[{"embeddable":true,"href":"https:\/\/vinasfm.com\/noticias\/wp-json\/wp\/v2\/users\/7"}],"replies":[{"embeddable":true,"href":"https:\/\/vinasfm.com\/noticias\/wp-json\/wp\/v2\/comments?post=115982"}],"version-history":[{"count":1,"href":"https:\/\/vinasfm.com\/noticias\/wp-json\/wp\/v2\/posts\/115982\/revisions"}],"predecessor-version":[{"id":115984,"href":"https:\/\/vinasfm.com\/noticias\/wp-json\/wp\/v2\/posts\/115982\/revisions\/115984"}],"wp:featuredmedia":[{"embeddable":true,"href":"https:\/\/vinasfm.com\/noticias\/wp-json\/wp\/v2\/media\/115983"}],"wp:attachment":[{"href":"https:\/\/vinasfm.com\/noticias\/wp-json\/wp\/v2\/media?parent=115982"}],"wp:term":[{"taxonomy":"category","embeddable":true,"href":"https:\/\/vinasfm.com\/noticias\/wp-json\/wp\/v2\/categories?post=115982"},{"taxonomy":"post_tag","embeddable":true,"href":"https:\/\/vinasfm.com\/noticias\/wp-json\/wp\/v2\/tags?post=115982"}],"curies":[{"name":"wp","href":"https:\/\/api.w.org\/{rel}","templated":true}]}}