{"id":115968,"date":"2022-11-16T08:13:07","date_gmt":"2022-11-16T11:13:07","guid":{"rendered":"http:\/\/vinasfm.com\/noticias\/?p=115968"},"modified":"2022-11-18T08:04:29","modified_gmt":"2022-11-18T11:04:29","slug":"finalmente-quedo-inaugurado-el-playon-del-andes-foot-ball-club","status":"publish","type":"post","link":"https:\/\/vinasfm.com\/noticias\/finalmente-quedo-inaugurado-el-playon-del-andes-foot-ball-club\/","title":{"rendered":"FINALMENTE QUED\u00d3 INAUGURADO EL PLAY\u00d3N DEL ANDES FOOT-BALL CLUB"},"content":{"rendered":"<div class=\"adn ads\" data-message-id=\"#msg-f:1749701105309687418\" data-legacy-message-id=\"18482fe28d179e7a\">\n<div class=\"gs\">\n<div class=\"\">\n<div id=\":ii\" class=\"ii gt\">\n<div id=\":ih\" class=\"a3s aiL \">\n<div>\n<div class=\"yj6qo\">\n<div class=\"adn ads\" data-message-id=\"#msg-f:1749701105309687418\" data-legacy-message-id=\"18482fe28d179e7a\">\n<div class=\"gs\">\n<div class=\"\">\n<div id=\":ii\" class=\"ii gt\">\n<div id=\":ih\" class=\"a3s aiL \">\n<div>\n<h4>El intendente Walther Marcolini, junto con el Subsecretario de Deportes de la Provincia Federico Chiapetta, y el Presidente del Andes F.C. Alejandro Molero participaron de la inauguraci\u00f3n de las nuevas instalaciones de esta se\u00f1era instituci\u00f3n de nuestro departamento<\/h4>\n<p>El \u201cCroto\u201d est\u00e1 de fiesta, es que este martes inaugur\u00f3 su nuevo play\u00f3n deportivo y sus flamantes camarines, lo hizo en un clima de alegr\u00eda: <em><strong>\u201cEl a\u00f1o pasado tuvimos la alegr\u00eda de inaugurar un viejo sue\u00f1o que ten\u00eda la gente de Andes, como fue la pileta, y lo hicimos con el aporte de todos. Hoy estamos dando inicio a las inscripciones de la colonia, esto hace crecer nuestra instituci\u00f3n, y esta jornada es muy especial para nosotros, porque este play\u00f3n, que comenz\u00f3 en la gesti\u00f3n de Miguel Nievas, hoy le estamos adosando vestuarios, sanitarios, un lugar para la utiler\u00eda, es sin duda un gran logro que todos abrazamos con mucho cari\u00f1o\u201d<\/strong> <\/em>expres\u00f3 el Presidente de Andes Alejandro Molero, quien destac\u00f3 que en la actualidad hay actividad durante todo el d\u00eda, todos los d\u00edas, en el club.<\/p>\n<p>Por su parte, el intendente Walther Marcolini agradeci\u00f3 el apoyo de la Provincia hacia todos los clubes del departamento, y la presencia que tienen en General Alvear: <em><strong>\u201cEsto implica much\u00edsimo sacrificio, porque deben haber habido muchas \u00e9pocas dif\u00edciles pero siempre se redoblaron los esfuerzos. Nos alegra enormemente poder trabajar con los clubes desde todo el Municipio. Nosotros estamos a disposici\u00f3n porque le corresponde al Estado, pero nos alegra que las instituciones intermedias contengan a los chicos a trav\u00e9s del deporte\u201d<\/strong><\/em>.<\/p>\n<p>El Subsecretario de Deportes de la Provincia, Federico Chiapetta, quien particip\u00f3 de este importante acto de inauguraci\u00f3n, manifest\u00f3: <em><strong>\u201cSiempre trabajamos de manera descentralizada, pero ac\u00e1 estamos porque hay un gran trabajo del club. Una de las caracter\u00edsticas que tienen los clubes es que siguen funcionando siempre, gracias a la entrega y la pasi\u00f3n que le pone la gente que los hace funcionar\u201d<\/strong><\/em>.<\/p>\n<div class=\"yj6qo\"><\/div>\n<div class=\"adL\"><\/div>\n<\/div>\n<div class=\"adL\"><\/div>\n<\/div>\n<\/div>\n<div class=\"hi\"><\/div>\n<\/div>\n<\/div>\n<div class=\"ajx\"><\/div>\n<\/div>\n<div class=\"gA gt acV\">\n<div class=\"gB xu\">\n<div class=\"ip iq\">\n<div id=\":ij\"><\/div>\n<\/div>\n<\/div>\n<\/div>\n<\/div>\n<div class=\"adL\"><\/div>\n<\/div>\n<div class=\"adL\"><\/div>\n<\/div>\n<\/div>\n<div class=\"hi\"><\/div>\n<\/div>\n<\/div>\n<div class=\"ajx\"><\/div>\n<\/div>\n<div class=\"gA gt acV\">\n<div class=\"gB xu\">\n<div class=\"ip iq\">\n<div id=\":ij\"><\/div>\n<\/div>\n<\/div>\n<\/div>\n","protected":false},"excerpt":{"rendered":"<p>El intendente Walther Marcolini, junto con el Subsecretario de Deportes de la Provincia Federico Chiapetta, y el Presidente del Andes F.C. &#8230;<\/p>\n","protected":false},"author":7,"featured_media":115973,"comment_status":"open","ping_status":"open","sticky":false,"template":"","format":"standard","meta":{"footnotes":""},"categories":[5,3],"tags":[],"class_list":["post-115968","post","type-post","status-publish","format-standard","has-post-thumbnail","hentry","category-actualidad","category-deportes"],"_links":{"self":[{"href":"https:\/\/vinasfm.com\/noticias\/wp-json\/wp\/v2\/posts\/115968","targetHints":{"allow":["GET"]}}],"collection":[{"href":"https:\/\/vinasfm.com\/noticias\/wp-json\/wp\/v2\/posts"}],"about":[{"href":"https:\/\/vinasfm.com\/noticias\/wp-json\/wp\/v2\/types\/post"}],"author":[{"embeddable":true,"href":"https:\/\/vinasfm.com\/noticias\/wp-json\/wp\/v2\/users\/7"}],"replies":[{"embeddable":true,"href":"https:\/\/vinasfm.com\/noticias\/wp-json\/wp\/v2\/comments?post=115968"}],"version-history":[{"count":4,"href":"https:\/\/vinasfm.com\/noticias\/wp-json\/wp\/v2\/posts\/115968\/revisions"}],"predecessor-version":[{"id":116012,"href":"https:\/\/vinasfm.com\/noticias\/wp-json\/wp\/v2\/posts\/115968\/revisions\/116012"}],"wp:featuredmedia":[{"embeddable":true,"href":"https:\/\/vinasfm.com\/noticias\/wp-json\/wp\/v2\/media\/115973"}],"wp:attachment":[{"href":"https:\/\/vinasfm.com\/noticias\/wp-json\/wp\/v2\/media?parent=115968"}],"wp:term":[{"taxonomy":"category","embeddable":true,"href":"https:\/\/vinasfm.com\/noticias\/wp-json\/wp\/v2\/categories?post=115968"},{"taxonomy":"post_tag","embeddable":true,"href":"https:\/\/vinasfm.com\/noticias\/wp-json\/wp\/v2\/tags?post=115968"}],"curies":[{"name":"wp","href":"https:\/\/api.w.org\/{rel}","templated":true}]}}