{"id":115960,"date":"2022-11-16T08:06:08","date_gmt":"2022-11-16T11:06:08","guid":{"rendered":"http:\/\/vinasfm.com\/noticias\/?p=115960"},"modified":"2022-11-18T00:15:20","modified_gmt":"2022-11-18T03:15:20","slug":"62-productores-beneficiados-con-la-entrega-de-880-mil-plantines-de-tomates-que-este-ano-fue-record-desde-del-inicio-del-programa","status":"publish","type":"post","link":"https:\/\/vinasfm.com\/noticias\/62-productores-beneficiados-con-la-entrega-de-880-mil-plantines-de-tomates-que-este-ano-fue-record-desde-del-inicio-del-programa\/","title":{"rendered":"62 PRODUCTORES BENEFICIADOS CON LA ENTREGA DE 880 MIL PLANTINES DE TOMATES, QUE ESTE A\u00d1O FUE R\u00c9CORD DESDE DEL INICIO DEL PROGRAMA"},"content":{"rendered":"<h4><strong>En las instalaciones del Mercado Concentrador, se entreg\u00f3 la \u00faltima tanda de 440 mil plantines de tomate de un total de 880 mil, con una inversi\u00f3n cercana a los diez millones de pesos, beneficiando a un total de 62 productores y casi 50 Ha en producci\u00f3n.<\/strong><\/h4>\n<p><a href=\"http:\/\/vinasfm.com\/noticias\/wp-content\/uploads\/2022\/11\/FOTOS-Entrega-de-Plantines-de-Tomate-a-productores-Locales_MG_7092.jpg\"><img loading=\"lazy\" decoding=\"async\" class=\"wp-image-115963 aligncenter\" src=\"http:\/\/vinasfm.com\/noticias\/wp-content\/uploads\/2022\/11\/FOTOS-Entrega-de-Plantines-de-Tomate-a-productores-Locales_MG_7092.jpg\" alt=\"\" width=\"600\" height=\"338\" srcset=\"https:\/\/vinasfm.com\/noticias\/wp-content\/uploads\/2022\/11\/FOTOS-Entrega-de-Plantines-de-Tomate-a-productores-Locales_MG_7092.jpg 1920w, https:\/\/vinasfm.com\/noticias\/wp-content\/uploads\/2022\/11\/FOTOS-Entrega-de-Plantines-de-Tomate-a-productores-Locales_MG_7092-300x169.jpg 300w, https:\/\/vinasfm.com\/noticias\/wp-content\/uploads\/2022\/11\/FOTOS-Entrega-de-Plantines-de-Tomate-a-productores-Locales_MG_7092-1024x576.jpg 1024w, https:\/\/vinasfm.com\/noticias\/wp-content\/uploads\/2022\/11\/FOTOS-Entrega-de-Plantines-de-Tomate-a-productores-Locales_MG_7092-768x432.jpg 768w, https:\/\/vinasfm.com\/noticias\/wp-content\/uploads\/2022\/11\/FOTOS-Entrega-de-Plantines-de-Tomate-a-productores-Locales_MG_7092-1536x864.jpg 1536w, https:\/\/vinasfm.com\/noticias\/wp-content\/uploads\/2022\/11\/FOTOS-Entrega-de-Plantines-de-Tomate-a-productores-Locales_MG_7092-1140x641.jpg 1140w\" sizes=\"auto, (max-width: 600px) 100vw, 600px\" \/><\/a><\/p>\n<p>El Secretario de Desarrollo y Promoci\u00f3n Departamental Carlos Ponce se refiri\u00f3 a la entrega de los 440 mil plantines de tomate que se realiz\u00f3 en la ma\u00f1ana de este martes: <strong><em>&#8216;Con esta entrega concluye el programa, compuesta por un r\u00e9cord de 880 mil plantines de tomate, con la innovaci\u00f3n de una nueva variedad, que es la N6405, una alternativa multiprop\u00f3sito para industria&#8217;.<\/em><\/strong> Esta es una gran herramienta para los productores que tiene como objetivo ser una soluci\u00f3n de contraestaci\u00f3n con el tema hort\u00edcola, a los efectos de las heladas tard\u00edas, y por sobre todas las cosas da respuesta a una demanda de un mercado emergente, que tiene que ver con los tomates deshidratados, m\u00e1s lo que va para molienda.<\/p>\n<p>En este caso, y con la entrega total de 880 mil plantines, se beneficiaron 62 productores, haciendo un total de casi 50 Ha, a la espera de lograr unos 5 millones de kilos para aportar al mercado. Es bueno remarcar que esta entrega marca un r\u00e9cord desde el comienzo del programa, en el a\u00f1o 2019.<\/p>\n<p><a href=\"http:\/\/vinasfm.com\/noticias\/wp-content\/uploads\/2022\/11\/FOTOS-Entrega-de-Plantines-de-Tomate-a-productores-Locales_MG_7072.jpg\"><img loading=\"lazy\" decoding=\"async\" class=\"wp-image-115964 aligncenter\" src=\"http:\/\/vinasfm.com\/noticias\/wp-content\/uploads\/2022\/11\/FOTOS-Entrega-de-Plantines-de-Tomate-a-productores-Locales_MG_7072.jpg\" alt=\"\" width=\"600\" height=\"338\" srcset=\"https:\/\/vinasfm.com\/noticias\/wp-content\/uploads\/2022\/11\/FOTOS-Entrega-de-Plantines-de-Tomate-a-productores-Locales_MG_7072.jpg 1920w, https:\/\/vinasfm.com\/noticias\/wp-content\/uploads\/2022\/11\/FOTOS-Entrega-de-Plantines-de-Tomate-a-productores-Locales_MG_7072-300x169.jpg 300w, https:\/\/vinasfm.com\/noticias\/wp-content\/uploads\/2022\/11\/FOTOS-Entrega-de-Plantines-de-Tomate-a-productores-Locales_MG_7072-1024x576.jpg 1024w, https:\/\/vinasfm.com\/noticias\/wp-content\/uploads\/2022\/11\/FOTOS-Entrega-de-Plantines-de-Tomate-a-productores-Locales_MG_7072-768x432.jpg 768w, https:\/\/vinasfm.com\/noticias\/wp-content\/uploads\/2022\/11\/FOTOS-Entrega-de-Plantines-de-Tomate-a-productores-Locales_MG_7072-1536x864.jpg 1536w, https:\/\/vinasfm.com\/noticias\/wp-content\/uploads\/2022\/11\/FOTOS-Entrega-de-Plantines-de-Tomate-a-productores-Locales_MG_7072-1140x641.jpg 1140w\" sizes=\"auto, (max-width: 600px) 100vw, 600px\" \/><\/a><\/p>\n<p>El Director de Agricultura Agust\u00edn Anzorena destac\u00f3 que este programa es una pata fundamental para los productores, sobre todo en esta \u00e9poca donde las contingencias clim\u00e1ticas han golpeado fuertemente: <strong><em>&#8216;Es una ventana para poder producir y no esperar hasta la pr\u00f3xima campa\u00f1a&#8217;<\/em><\/strong> subray\u00f3.<\/p>\n<p>La variedad con la que se trabaj\u00f3 este a\u00f1o es la N 6405, una variedad nueva m\u00e1s productiva que Coronel, aunque los productores ten\u00edan la posibilidad de elegir si es que quer\u00edan esta nueva variedad o continuaban con la vieja. Es de destacar que los plantines fueron provistos por el Vivero San Nicol\u00e1s, de Jun\u00edn Mendoza.<\/p>\n<p><a href=\"http:\/\/vinasfm.com\/noticias\/wp-content\/uploads\/2022\/11\/FOTOS-Entrega-de-Plantines-de-Tomate-a-productores-Locales_MG_7080.jpg\"><img loading=\"lazy\" decoding=\"async\" class=\"wp-image-115965 aligncenter\" src=\"http:\/\/vinasfm.com\/noticias\/wp-content\/uploads\/2022\/11\/FOTOS-Entrega-de-Plantines-de-Tomate-a-productores-Locales_MG_7080.jpg\" alt=\"\" width=\"600\" height=\"338\" srcset=\"https:\/\/vinasfm.com\/noticias\/wp-content\/uploads\/2022\/11\/FOTOS-Entrega-de-Plantines-de-Tomate-a-productores-Locales_MG_7080.jpg 1920w, https:\/\/vinasfm.com\/noticias\/wp-content\/uploads\/2022\/11\/FOTOS-Entrega-de-Plantines-de-Tomate-a-productores-Locales_MG_7080-300x169.jpg 300w, https:\/\/vinasfm.com\/noticias\/wp-content\/uploads\/2022\/11\/FOTOS-Entrega-de-Plantines-de-Tomate-a-productores-Locales_MG_7080-1024x576.jpg 1024w, https:\/\/vinasfm.com\/noticias\/wp-content\/uploads\/2022\/11\/FOTOS-Entrega-de-Plantines-de-Tomate-a-productores-Locales_MG_7080-768x432.jpg 768w, https:\/\/vinasfm.com\/noticias\/wp-content\/uploads\/2022\/11\/FOTOS-Entrega-de-Plantines-de-Tomate-a-productores-Locales_MG_7080-1536x864.jpg 1536w, https:\/\/vinasfm.com\/noticias\/wp-content\/uploads\/2022\/11\/FOTOS-Entrega-de-Plantines-de-Tomate-a-productores-Locales_MG_7080-1140x641.jpg 1140w\" sizes=\"auto, (max-width: 600px) 100vw, 600px\" \/><\/a><\/p>\n<p>Los productores se mostraron muy conformes con esta entrega de plantines, es el caso de Graciela: <strong><em>&#8216;Lo bueno de esto es que lo podemos pagar despu\u00e9s de que la producci\u00f3n fue comercializada. Para mi fue una gran posibilidad porque si hubiese tenido que desembolsar el dinero para adquirir los plantines, no lo hubiese podido hacer&#8217;.<\/em><\/strong><\/p>\n<p>Mauricio Cargnelutti, productor local, se refiri\u00f3 a este programa: <strong><em>&#8216;Este a\u00f1o se est\u00e1n entregando dos variedades, y es una gran ayuda para los productores, sobre todo pensando en el da\u00f1o que tuvimos con las heladas y que afect\u00f3 a los vi\u00f1edos. Los plantines son de muy buena calidad, por lo que esperamos que nos acompa\u00f1e el clima&#8217;.<\/em><\/strong> Asimismo Sergio Hil, otro productor local, manifest\u00f3:<strong><em> &#8216;Es algo que el Municipio implement\u00f3 a\u00f1os atr\u00e1s y que resulta muy positivo porque le da un respiro a los productores, que podemos pagarlo cuando vendemos el producto, porque hoy por hoy salir a comprar plantines es mucho dinero. Por eso agradecemos al intendente por brindar respuesta a una inquietud nuestra&#8217;.<\/em><\/strong><\/p>\n","protected":false},"excerpt":{"rendered":"<p>En las instalaciones del Mercado Concentrador, se entreg\u00f3 la \u00faltima tanda de 440 mil plantines de tomate de un total de &#8230;<\/p>\n","protected":false},"author":7,"featured_media":115962,"comment_status":"open","ping_status":"open","sticky":false,"template":"","format":"standard","meta":{"footnotes":""},"categories":[5,14],"tags":[],"class_list":["post-115960","post","type-post","status-publish","format-standard","has-post-thumbnail","hentry","category-actualidad","category-agro"],"_links":{"self":[{"href":"https:\/\/vinasfm.com\/noticias\/wp-json\/wp\/v2\/posts\/115960","targetHints":{"allow":["GET"]}}],"collection":[{"href":"https:\/\/vinasfm.com\/noticias\/wp-json\/wp\/v2\/posts"}],"about":[{"href":"https:\/\/vinasfm.com\/noticias\/wp-json\/wp\/v2\/types\/post"}],"author":[{"embeddable":true,"href":"https:\/\/vinasfm.com\/noticias\/wp-json\/wp\/v2\/users\/7"}],"replies":[{"embeddable":true,"href":"https:\/\/vinasfm.com\/noticias\/wp-json\/wp\/v2\/comments?post=115960"}],"version-history":[{"count":1,"href":"https:\/\/vinasfm.com\/noticias\/wp-json\/wp\/v2\/posts\/115960\/revisions"}],"predecessor-version":[{"id":115967,"href":"https:\/\/vinasfm.com\/noticias\/wp-json\/wp\/v2\/posts\/115960\/revisions\/115967"}],"wp:featuredmedia":[{"embeddable":true,"href":"https:\/\/vinasfm.com\/noticias\/wp-json\/wp\/v2\/media\/115962"}],"wp:attachment":[{"href":"https:\/\/vinasfm.com\/noticias\/wp-json\/wp\/v2\/media?parent=115960"}],"wp:term":[{"taxonomy":"category","embeddable":true,"href":"https:\/\/vinasfm.com\/noticias\/wp-json\/wp\/v2\/categories?post=115960"},{"taxonomy":"post_tag","embeddable":true,"href":"https:\/\/vinasfm.com\/noticias\/wp-json\/wp\/v2\/tags?post=115960"}],"curies":[{"name":"wp","href":"https:\/\/api.w.org\/{rel}","templated":true}]}}