{"id":115958,"date":"2022-11-16T08:02:18","date_gmt":"2022-11-16T11:02:18","guid":{"rendered":"http:\/\/vinasfm.com\/noticias\/?p=115958"},"modified":"2022-11-17T23:48:11","modified_gmt":"2022-11-18T02:48:11","slug":"el-2022-marco-un-gran-nivel-de-inversion-en-materia-de-asfalto-en-todo-el-departamento","status":"publish","type":"post","link":"https:\/\/vinasfm.com\/noticias\/el-2022-marco-un-gran-nivel-de-inversion-en-materia-de-asfalto-en-todo-el-departamento\/","title":{"rendered":"EL 2022 MARC\u00d3 UN GRAN NIVEL DE INVERSI\u00d3N EN MATERIA DE ASFALTO EN TODO EL DEPARTAMENTO"},"content":{"rendered":"<div class=\"adn ads\" data-message-id=\"#msg-f:1749615088228582745\" data-legacy-message-id=\"1847e1a723874559\">\n<div class=\"gs\">\n<div class=\"\">\n<div id=\":nz\" class=\"ii gt\">\n<div id=\":ny\" class=\"a3s aiL \">\n<div>\n<h4><strong>En Calle 16, el Administrador General de Vialidad, Ingeniero Osvaldo Romagnoli, junto al Intendente Walther Marcolini y el Consejero Zona Sur de Vialidad, V\u00edctor \u00c1lvarez, dar\u00e1n detalles de los diferentes trabajos de asfalto que se est\u00e1n realizando en el departamento<\/strong><\/h4>\n<p>El Jefe Comunal destac\u00f3 las tareas de asfalto que se est\u00e1n realizando en nuestro departamento<em><strong>: &#8216;Hay un importante nivel de inversi\u00f3n, que est\u00e1 relacionado con el problema econ\u00f3mico financiero que atraviesa la Argentina. Pero son obras muy necesarias para la zona productiva del departamento y que eran muy reclamadas por los vecinos&#8217;<\/strong><\/em>\u00a0indic\u00f3, a la vez que le agradeci\u00f3 a los vecinos.<\/p>\n<p>Estas tareas tiene que ver con un esfuerzo significativo por parte del Estado Provincial para llegar a cada rinc\u00f3n de Mendoza remarc\u00f3 el intendente:<em><strong> &#8216;Estamos en calle 16, donde se est\u00e1 realizando una carpeta de 5cm, con 60 millones de inversi\u00f3n en estos dos kil\u00f3metros, pero es una obra de gran calidad, que vincula dos arterias muy importantes como lo es la Calle Centenario y la Ruta Nacional 188. Esta misma obra est\u00e1 concluida en calle 19, con un monto de inversi\u00f3n de 60 millones de pesos, m\u00e1s tarde recorreremos la calle 25, donde se hizo un trabajo de recuperaci\u00f3n integral, que abarca se\u00f1al\u00e9tica, demarcaciones y recuperaci\u00f3n de calzada, con una inversi\u00f3n de 125 millones de pesos en la zona&#8217;<\/strong><\/em>.<\/p>\n<p><a href=\"http:\/\/vinasfm.com\/noticias\/wp-content\/uploads\/2022\/11\/DSC03124-scaled.jpg\"><img loading=\"lazy\" decoding=\"async\" class=\"wp-image-115970 aligncenter\" src=\"http:\/\/vinasfm.com\/noticias\/wp-content\/uploads\/2022\/11\/DSC03124-scaled.jpg\" alt=\"\" width=\"599\" height=\"337\" srcset=\"https:\/\/vinasfm.com\/noticias\/wp-content\/uploads\/2022\/11\/DSC03124-scaled.jpg 2560w, https:\/\/vinasfm.com\/noticias\/wp-content\/uploads\/2022\/11\/DSC03124-300x169.jpg 300w, https:\/\/vinasfm.com\/noticias\/wp-content\/uploads\/2022\/11\/DSC03124-1024x576.jpg 1024w, https:\/\/vinasfm.com\/noticias\/wp-content\/uploads\/2022\/11\/DSC03124-768x432.jpg 768w, https:\/\/vinasfm.com\/noticias\/wp-content\/uploads\/2022\/11\/DSC03124-1536x864.jpg 1536w, https:\/\/vinasfm.com\/noticias\/wp-content\/uploads\/2022\/11\/DSC03124-2048x1152.jpg 2048w, https:\/\/vinasfm.com\/noticias\/wp-content\/uploads\/2022\/11\/DSC03124-1140x641.jpg 1140w\" sizes=\"auto, (max-width: 599px) 100vw, 599px\" \/><\/a><\/p>\n<p>Vialidad continuar\u00e1 realizando obras importantes en nuestro departamento, adem\u00e1s se finalizar\u00e1 un convenio que se viene trabajando desde el 2021, que es el Barrio San Luis, donde Vialidad aporta maquinaria y recurso humano, en tanto que el Municipio suma el material. El intendente adelant\u00f3 que ya se est\u00e1n conversando nuevas obras para el pr\u00f3ximo a\u00f1o.<\/p>\n<p>Por su parte, el Administrador General de Vialidad, Ingeniero Osvaldo Romagnoli, dio detalles acerca de la obra de calle 16: &#8216;<em><strong>Se ha fresado, se ha pintado y se agreg\u00f3 una carpeta de 5cm, lo que asegura una vejez de 15 a 20 a\u00f1os. Este espesor tiene que ver con la tipolog\u00eda de veh\u00edculos que la atraviesa, al ser una zona netamente productiva necesita un buen nivel de terminaci\u00f3n como el que se puede observar&#8217;<\/strong><\/em>.<\/p>\n<p>En cuanto a calle 25, el funcionario detall\u00f3 que se desarroll\u00f3 otra tipolog\u00eda de carpeta, con microaglomerado, agregando tratamiento doble y una demarcaci\u00f3n horizontal para hacer m\u00e1s segura la transitabilidad en el lugar, complementado con un mejoramiento de banquina, y luego se incorpora la carteler\u00eda vertical.<\/p>\n<p><a href=\"http:\/\/vinasfm.com\/noticias\/wp-content\/uploads\/2022\/11\/DSC03119-scaled.jpg\"><img loading=\"lazy\" decoding=\"async\" class=\"wp-image-115971 aligncenter\" src=\"http:\/\/vinasfm.com\/noticias\/wp-content\/uploads\/2022\/11\/DSC03119-scaled.jpg\" alt=\"\" width=\"600\" height=\"338\" srcset=\"https:\/\/vinasfm.com\/noticias\/wp-content\/uploads\/2022\/11\/DSC03119-scaled.jpg 2560w, https:\/\/vinasfm.com\/noticias\/wp-content\/uploads\/2022\/11\/DSC03119-300x169.jpg 300w, https:\/\/vinasfm.com\/noticias\/wp-content\/uploads\/2022\/11\/DSC03119-1024x576.jpg 1024w, https:\/\/vinasfm.com\/noticias\/wp-content\/uploads\/2022\/11\/DSC03119-768x432.jpg 768w, https:\/\/vinasfm.com\/noticias\/wp-content\/uploads\/2022\/11\/DSC03119-1536x864.jpg 1536w, https:\/\/vinasfm.com\/noticias\/wp-content\/uploads\/2022\/11\/DSC03119-2048x1152.jpg 2048w, https:\/\/vinasfm.com\/noticias\/wp-content\/uploads\/2022\/11\/DSC03119-1140x641.jpg 1140w\" sizes=\"auto, (max-width: 600px) 100vw, 600px\" \/><\/a><\/p>\n<p><em><strong>&#8216;Hemos planificado obras en conjunto para el 2023, m\u00e1s all\u00e1 de las que estamos trabajando, pero es una planificaci\u00f3n integral donde ajustaremos el presupuesto con los nuevos valores y ah\u00ed tendremos la entrega de la instituci\u00f3n hacia un departamento donde trabajamos muy bien&#8217;<\/strong><\/em>\u00a0indic\u00f3 Romagnoli.<\/p>\n<p>Acerca de los caminos ganaderos, Osvaldo Romagnoli destac\u00f3 el trabajo con los privados, no solo en el mantenimiento de la ruta, sino la incorporaci\u00f3n de lo que le falta a esa ruta para poder trabajar sin impedimentos, con el Estado suministrando su expertice y su infraestructura.<\/p>\n<p><em><strong>&#8216;La 188 es una ruta fundamental que tiene un componente ganadero, tur\u00edstico y log\u00edstico, las tres sumadas tienen una gran importancia. Hemos trabajado para sumar a los diferentes actores que componen esta ruta para ajustar la traza actual a un proyecto definitivo, pero no en cuanto a lo que tenemos hoy, sino en corrimiento de rayos de curva, mejoramiento de pendientes y otros&#8217;<\/strong><\/em>\u00a0concluy\u00f3 Romagnoli.<\/p>\n<div class=\"yj6qo\"><\/div>\n<div class=\"adL\"><\/div>\n<\/div>\n<div class=\"adL\"><\/div>\n<\/div>\n<\/div>\n<div class=\"hi\"><\/div>\n<\/div>\n<\/div>\n<div class=\"ajx\"><\/div>\n<\/div>\n<div class=\"gA gt acV\">\n<div class=\"gB xu\">\n<div class=\"ip iq\">\n<div id=\":o0\"><\/div>\n<\/div>\n<\/div>\n<\/div>\n","protected":false},"excerpt":{"rendered":"<p>En Calle 16, el Administrador General de Vialidad, Ingeniero Osvaldo Romagnoli, junto al Intendente Walther Marcolini y el Consejero Zona Sur &#8230;<\/p>\n","protected":false},"author":7,"featured_media":115961,"comment_status":"open","ping_status":"open","sticky":false,"template":"","format":"standard","meta":{"footnotes":""},"categories":[5,29],"tags":[],"class_list":["post-115958","post","type-post","status-publish","format-standard","has-post-thumbnail","hentry","category-actualidad","category-obras-y-servicios"],"_links":{"self":[{"href":"https:\/\/vinasfm.com\/noticias\/wp-json\/wp\/v2\/posts\/115958","targetHints":{"allow":["GET"]}}],"collection":[{"href":"https:\/\/vinasfm.com\/noticias\/wp-json\/wp\/v2\/posts"}],"about":[{"href":"https:\/\/vinasfm.com\/noticias\/wp-json\/wp\/v2\/types\/post"}],"author":[{"embeddable":true,"href":"https:\/\/vinasfm.com\/noticias\/wp-json\/wp\/v2\/users\/7"}],"replies":[{"embeddable":true,"href":"https:\/\/vinasfm.com\/noticias\/wp-json\/wp\/v2\/comments?post=115958"}],"version-history":[{"count":3,"href":"https:\/\/vinasfm.com\/noticias\/wp-json\/wp\/v2\/posts\/115958\/revisions"}],"predecessor-version":[{"id":115972,"href":"https:\/\/vinasfm.com\/noticias\/wp-json\/wp\/v2\/posts\/115958\/revisions\/115972"}],"wp:featuredmedia":[{"embeddable":true,"href":"https:\/\/vinasfm.com\/noticias\/wp-json\/wp\/v2\/media\/115961"}],"wp:attachment":[{"href":"https:\/\/vinasfm.com\/noticias\/wp-json\/wp\/v2\/media?parent=115958"}],"wp:term":[{"taxonomy":"category","embeddable":true,"href":"https:\/\/vinasfm.com\/noticias\/wp-json\/wp\/v2\/categories?post=115958"},{"taxonomy":"post_tag","embeddable":true,"href":"https:\/\/vinasfm.com\/noticias\/wp-json\/wp\/v2\/tags?post=115958"}],"curies":[{"name":"wp","href":"https:\/\/api.w.org\/{rel}","templated":true}]}}