{"id":115908,"date":"2022-11-15T08:06:47","date_gmt":"2022-11-15T11:06:47","guid":{"rendered":"http:\/\/vinasfm.com\/noticias\/?p=115908"},"modified":"2022-11-16T08:06:17","modified_gmt":"2022-11-16T11:06:17","slug":"el-parque-automotor-de-la-municipalidad-suma-vehiculos-de-trabajo","status":"publish","type":"post","link":"https:\/\/vinasfm.com\/noticias\/el-parque-automotor-de-la-municipalidad-suma-vehiculos-de-trabajo\/","title":{"rendered":"EL PARQUE AUTOMOTOR DE LA MUNICIPALIDAD SUMA VEH\u00cdCULOS DE TRABAJO"},"content":{"rendered":"<h4><strong>El Intendente Walther Marcolini junto al Secretario de Obras y Servicios P\u00fablicos Jorge P\u00e9rez, al Director de Servicios P\u00fablicos Bruno Gil y al Director de Obras P\u00fablicas Federico P\u00edo present\u00f3 la nueva maquinaria adquirida para mejorar los servicios que brinda el municipio. Se trata de dos minicargadoras y una retro excavadora.<\/strong><\/h4>\n<p><em><strong>&#8216;Estamos presentando la nueva maquinaria que se ha incorporado al parque municipal, muy necesaria, se va a sumar en los pr\u00f3ximos d\u00edas una retro excavadora m\u00e1s, una camioneta con hidroelevador para electrotecnia y una camioneta Volkswagen Amarok para el ejecutivo&#8217;<\/strong><\/em>, detall\u00f3 el jefe comunal y agreg\u00f3 que se trata de una incorporaci\u00f3n importante que permite mejorar las prestaciones, por ejemplo, en la obra de cloacas de Pasaje Belgrano o en trabajos de cloacas y de red de agua, previo a asfaltos, en el Pasaje Berg\u00f3s.<\/p>\n<p><a href=\"http:\/\/vinasfm.com\/noticias\/wp-content\/uploads\/2022\/11\/DSC03054-scaled.jpg\"><img loading=\"lazy\" decoding=\"async\" class=\"wp-image-115912 aligncenter\" src=\"http:\/\/vinasfm.com\/noticias\/wp-content\/uploads\/2022\/11\/DSC03054-scaled.jpg\" alt=\"\" width=\"640\" height=\"360\" srcset=\"https:\/\/vinasfm.com\/noticias\/wp-content\/uploads\/2022\/11\/DSC03054-scaled.jpg 2560w, https:\/\/vinasfm.com\/noticias\/wp-content\/uploads\/2022\/11\/DSC03054-300x169.jpg 300w, https:\/\/vinasfm.com\/noticias\/wp-content\/uploads\/2022\/11\/DSC03054-1024x576.jpg 1024w, https:\/\/vinasfm.com\/noticias\/wp-content\/uploads\/2022\/11\/DSC03054-768x432.jpg 768w, https:\/\/vinasfm.com\/noticias\/wp-content\/uploads\/2022\/11\/DSC03054-1536x864.jpg 1536w, https:\/\/vinasfm.com\/noticias\/wp-content\/uploads\/2022\/11\/DSC03054-2048x1152.jpg 2048w, https:\/\/vinasfm.com\/noticias\/wp-content\/uploads\/2022\/11\/DSC03054-1140x641.jpg 1140w\" sizes=\"auto, (max-width: 640px) 100vw, 640px\" \/><\/a><\/p>\n<p>Por un total de 50 millones de pesos se han incorporado estas nuevas maquinarias, se ha financiado las tres m\u00e1quinas y la camioneta con fondos municipales y parte de un subsidio que Gobierno de la Provincia ha otorgado, mediante Mendoza Activa 4 que lleg\u00f3 a los municipios tambi\u00e9n. La devoluci\u00f3n se va a hacer efectiva cuando se presenten las facturas y ser\u00e1 una suma aproximada de ocho millones y medio de pesos, explic\u00f3 el mandatario.<\/p>\n<p>Marcolini enfatiz\u00f3 acerca del Programa de asfalto, de 157 millones de pesos para ejecutar, no microaglomerado, con el que se hace recuperaci\u00f3n de carpeta asf\u00e1ltica, mediante un PIM de 48 millones y medio de pesos. <strong><em>&#8216;El 50% del programa de asfalto se cubre con fondos municipales; del otro 50%, la mitad es cr\u00e9dito y el otro 25% subsidiado, mediante reintegro por Mendoza Activa 4&#8217;.<\/em><\/strong><\/p>\n<p><a href=\"http:\/\/vinasfm.com\/noticias\/wp-content\/uploads\/2022\/11\/DSC03080-scaled.jpg\"><img loading=\"lazy\" decoding=\"async\" class=\"wp-image-115913 aligncenter\" src=\"http:\/\/vinasfm.com\/noticias\/wp-content\/uploads\/2022\/11\/DSC03080-scaled.jpg\" alt=\"\" width=\"640\" height=\"360\" srcset=\"https:\/\/vinasfm.com\/noticias\/wp-content\/uploads\/2022\/11\/DSC03080-scaled.jpg 2560w, https:\/\/vinasfm.com\/noticias\/wp-content\/uploads\/2022\/11\/DSC03080-300x169.jpg 300w, https:\/\/vinasfm.com\/noticias\/wp-content\/uploads\/2022\/11\/DSC03080-1024x576.jpg 1024w, https:\/\/vinasfm.com\/noticias\/wp-content\/uploads\/2022\/11\/DSC03080-768x432.jpg 768w, https:\/\/vinasfm.com\/noticias\/wp-content\/uploads\/2022\/11\/DSC03080-1536x864.jpg 1536w, https:\/\/vinasfm.com\/noticias\/wp-content\/uploads\/2022\/11\/DSC03080-2048x1152.jpg 2048w, https:\/\/vinasfm.com\/noticias\/wp-content\/uploads\/2022\/11\/DSC03080-1140x641.jpg 1140w\" sizes=\"auto, (max-width: 640px) 100vw, 640px\" \/><\/a><\/p>\n<p>Cabe destacar, que se ha licitado un rodillo, porque el paquete estructural de calles, lo que implica el trabajo de movimiento de suelo, la base, lo ejecuta el municipio, para lo cual hace falta motoniveladora y rodillos. Por ello, se adquiere uno por un monto de ocho millones y medio de pesos. <strong><em>&#8216;Eso va a permitir mejorar el trabajo previo al asfalto, de 4cm de espesor, en calle Carlos Gardel de Ciudad, Roque S\u00e1enz Pe\u00f1a y Roca y calle Artola. Luego, tambi\u00e9n, en el Barrio Primero de Mayo. Por otra parte, la abundante lluvia del fin de semana gener\u00f3 inconvenientes en Barrio San Luis de Alvear Oeste donde se est\u00e1 pavimentando 1500m, al igual que en calle Samuel Escudero y Marqu\u00e9s de Aguado&#8217;.<\/em><\/strong><\/p>\n<p>Por su parte, Jorge P\u00e9rez expres\u00f3: <strong><em>&#8216;Con la nueva maquinaria podemos llegar a la ampliaci\u00f3n de zonas, est\u00e1bamos limitados, la retro excavadora ser\u00e1 para obras p\u00fablicas, para movimiento de suelo, cuando estamos realizando las cajas para los pr\u00f3ximos asfaltos. Estamos contentos con la primera entrega y aguardamos que en 45 d\u00edas llegue la otra m\u00e1quina y la camioneta para electrotecnia&#8217;.<\/em><\/strong><\/p>\n<p><a href=\"http:\/\/vinasfm.com\/noticias\/wp-content\/uploads\/2022\/11\/DSC03087-scaled.jpg\"><img loading=\"lazy\" decoding=\"async\" class=\"wp-image-115914 aligncenter\" src=\"http:\/\/vinasfm.com\/noticias\/wp-content\/uploads\/2022\/11\/DSC03087-scaled.jpg\" alt=\"\" width=\"640\" height=\"360\" srcset=\"https:\/\/vinasfm.com\/noticias\/wp-content\/uploads\/2022\/11\/DSC03087-scaled.jpg 2560w, https:\/\/vinasfm.com\/noticias\/wp-content\/uploads\/2022\/11\/DSC03087-300x169.jpg 300w, https:\/\/vinasfm.com\/noticias\/wp-content\/uploads\/2022\/11\/DSC03087-1024x576.jpg 1024w, https:\/\/vinasfm.com\/noticias\/wp-content\/uploads\/2022\/11\/DSC03087-768x432.jpg 768w, https:\/\/vinasfm.com\/noticias\/wp-content\/uploads\/2022\/11\/DSC03087-1536x864.jpg 1536w, https:\/\/vinasfm.com\/noticias\/wp-content\/uploads\/2022\/11\/DSC03087-2048x1152.jpg 2048w, https:\/\/vinasfm.com\/noticias\/wp-content\/uploads\/2022\/11\/DSC03087-1140x641.jpg 1140w\" sizes=\"auto, (max-width: 640px) 100vw, 640px\" \/><\/a><\/p>\n<p>El Director de Servicios P\u00fablicos expuso que las dos mini cargadoras, marca CASE, son para su \u00e1rea, se adquirieron por licitaci\u00f3n.<em><strong> &#8216;Estamos contentos de renovar el parque automotor, se emplear\u00e1n en el servicio de recolecci\u00f3n tipo B, escombro, tierra. Adem\u00e1s, permiten llegar con los trabajos de mantenimiento y service de la maquinaria anterior&#8217;.<\/strong><\/em><\/p>\n<p>El Director de Obras P\u00fablicas asever\u00f3 que la retro excavadora, marca CASE, se suma al servicio de saneamiento y movimiento de suelo. <strong><em>&#8216;El municipio tiene una de la misma marca, con buen desempe\u00f1o y buen apoyo de Mendoza para service y repuestos. La nueva retro se emplear\u00e1 para el zanjeo en obras de redes de agua y cloacas, que, en estos momentos, se realizan en Alvear Oeste y en el Barrio Max Graff, tambi\u00e9n para apoyar la tarea de movimiento de suelo, previo al asfalto, en calle Artola y Barrio Primero de Mayo&#8217;.<\/em><\/strong><\/p>\n","protected":false},"excerpt":{"rendered":"<p>El Intendente Walther Marcolini junto al Secretario de Obras y Servicios P\u00fablicos Jorge P\u00e9rez, al Director de Servicios P\u00fablicos Bruno Gil &#8230;<\/p>\n","protected":false},"author":7,"featured_media":115911,"comment_status":"open","ping_status":"open","sticky":false,"template":"","format":"standard","meta":{"footnotes":""},"categories":[5,29],"tags":[],"class_list":["post-115908","post","type-post","status-publish","format-standard","has-post-thumbnail","hentry","category-actualidad","category-obras-y-servicios"],"_links":{"self":[{"href":"https:\/\/vinasfm.com\/noticias\/wp-json\/wp\/v2\/posts\/115908","targetHints":{"allow":["GET"]}}],"collection":[{"href":"https:\/\/vinasfm.com\/noticias\/wp-json\/wp\/v2\/posts"}],"about":[{"href":"https:\/\/vinasfm.com\/noticias\/wp-json\/wp\/v2\/types\/post"}],"author":[{"embeddable":true,"href":"https:\/\/vinasfm.com\/noticias\/wp-json\/wp\/v2\/users\/7"}],"replies":[{"embeddable":true,"href":"https:\/\/vinasfm.com\/noticias\/wp-json\/wp\/v2\/comments?post=115908"}],"version-history":[{"count":1,"href":"https:\/\/vinasfm.com\/noticias\/wp-json\/wp\/v2\/posts\/115908\/revisions"}],"predecessor-version":[{"id":115915,"href":"https:\/\/vinasfm.com\/noticias\/wp-json\/wp\/v2\/posts\/115908\/revisions\/115915"}],"wp:featuredmedia":[{"embeddable":true,"href":"https:\/\/vinasfm.com\/noticias\/wp-json\/wp\/v2\/media\/115911"}],"wp:attachment":[{"href":"https:\/\/vinasfm.com\/noticias\/wp-json\/wp\/v2\/media?parent=115908"}],"wp:term":[{"taxonomy":"category","embeddable":true,"href":"https:\/\/vinasfm.com\/noticias\/wp-json\/wp\/v2\/categories?post=115908"},{"taxonomy":"post_tag","embeddable":true,"href":"https:\/\/vinasfm.com\/noticias\/wp-json\/wp\/v2\/tags?post=115908"}],"curies":[{"name":"wp","href":"https:\/\/api.w.org\/{rel}","templated":true}]}}