{"id":115803,"date":"2022-11-10T12:34:46","date_gmt":"2022-11-10T15:34:46","guid":{"rendered":"http:\/\/vinasfm.com\/noticias\/?p=115803"},"modified":"2022-11-11T10:31:55","modified_gmt":"2022-11-11T13:31:55","slug":"general-alvear-presenta-una-jornada-de-manejo-de-equipos-de-riego-de-agricultura","status":"publish","type":"post","link":"https:\/\/vinasfm.com\/noticias\/general-alvear-presenta-una-jornada-de-manejo-de-equipos-de-riego-de-agricultura\/","title":{"rendered":"GENERAL ALVEAR PRESENTA UNA JORNADA DE MANEJO DE EQUIPOS DE RIEGO DE AGRICULTURA"},"content":{"rendered":"<h4><strong>El d\u00eda viernes 11 de noviembre se dictar\u00e1 una Jornada de Actualizaci\u00f3n T\u00e9cnica, sobre el Manejo de Equipos de Riego de Agricultura.<\/strong><\/h4>\n<p><em><strong>&#8216;En estos momentos es muy importante desarrollar estas actividades en este momento de crisis y deficiencia h\u00eddrica&#8217;\u00a0<\/strong> <\/em>indic\u00f3 Agust\u00edn Anzorena, Director de Agricultura. La Jornada de Actualizaci\u00f3n T\u00e9cnica se desarrollar\u00e1 en el establecimiento de Frutas Escart\u00edn ubicada en Calle 16 y M, en donde se aportaran las claves para el uso de equipos de manejo de riego. <em><strong>&#8216;Va abrir un abanico de posibilidades para los productores que se pudieron tecnificarse horticultura y fruticultura&#8217;.\u00a0<\/strong><\/em><\/p>\n<p>La actividad est\u00e1 organizada el Municipio de General Alvear, Agronom\u00eda San Rafael y UPL, siendo esta \u00faltima la empresa encargada de la capacitaci\u00f3n.<strong><em> &#8216;Siempre buscamos realizar las capacitaciones en conjunto a otras instituciones porque entendemos que es la forma de llegar al productor&#8217;<\/em><\/strong> expres\u00f3 Anzorena.<\/p>\n","protected":false},"excerpt":{"rendered":"<p>El d\u00eda viernes 11 de noviembre se dictar\u00e1 una Jornada de Actualizaci\u00f3n T\u00e9cnica, sobre el Manejo de Equipos de Riego de &#8230;<\/p>\n","protected":false},"author":7,"featured_media":115805,"comment_status":"open","ping_status":"open","sticky":false,"template":"","format":"standard","meta":{"footnotes":""},"categories":[5,10],"tags":[],"class_list":["post-115803","post","type-post","status-publish","format-standard","has-post-thumbnail","hentry","category-actualidad","category-destacadas"],"_links":{"self":[{"href":"https:\/\/vinasfm.com\/noticias\/wp-json\/wp\/v2\/posts\/115803","targetHints":{"allow":["GET"]}}],"collection":[{"href":"https:\/\/vinasfm.com\/noticias\/wp-json\/wp\/v2\/posts"}],"about":[{"href":"https:\/\/vinasfm.com\/noticias\/wp-json\/wp\/v2\/types\/post"}],"author":[{"embeddable":true,"href":"https:\/\/vinasfm.com\/noticias\/wp-json\/wp\/v2\/users\/7"}],"replies":[{"embeddable":true,"href":"https:\/\/vinasfm.com\/noticias\/wp-json\/wp\/v2\/comments?post=115803"}],"version-history":[{"count":2,"href":"https:\/\/vinasfm.com\/noticias\/wp-json\/wp\/v2\/posts\/115803\/revisions"}],"predecessor-version":[{"id":115806,"href":"https:\/\/vinasfm.com\/noticias\/wp-json\/wp\/v2\/posts\/115803\/revisions\/115806"}],"wp:featuredmedia":[{"embeddable":true,"href":"https:\/\/vinasfm.com\/noticias\/wp-json\/wp\/v2\/media\/115805"}],"wp:attachment":[{"href":"https:\/\/vinasfm.com\/noticias\/wp-json\/wp\/v2\/media?parent=115803"}],"wp:term":[{"taxonomy":"category","embeddable":true,"href":"https:\/\/vinasfm.com\/noticias\/wp-json\/wp\/v2\/categories?post=115803"},{"taxonomy":"post_tag","embeddable":true,"href":"https:\/\/vinasfm.com\/noticias\/wp-json\/wp\/v2\/tags?post=115803"}],"curies":[{"name":"wp","href":"https:\/\/api.w.org\/{rel}","templated":true}]}}