{"id":115797,"date":"2022-11-11T09:24:11","date_gmt":"2022-11-11T12:24:11","guid":{"rendered":"http:\/\/vinasfm.com\/noticias\/?p=115797"},"modified":"2022-11-14T08:45:10","modified_gmt":"2022-11-14T11:45:10","slug":"marcolini-estuvo-presente-en-el-ii-encuentro-de-jovenes-con-direigentes","status":"publish","type":"post","link":"https:\/\/vinasfm.com\/noticias\/marcolini-estuvo-presente-en-el-ii-encuentro-de-jovenes-con-direigentes\/","title":{"rendered":"MARCOLINI ESTUVO PRESENTE EN EL II ENCUENTRO \u00abCONSTRUYENDO UNA SOCIEDAD M\u00c1S DIGNA\u00bb"},"content":{"rendered":"<h4><strong>Organizado por el Frente Joven, se realiz\u00f3 en el Centro Integrador Universitario (CIU), de calle General Paz de la ciudad de San Rafael. Participaron los intendentes Emir F\u00e9lix, Walter Marcolini y Juan Manuel Ojeda.<\/strong><\/h4>\n<p>Los jefes comunales del sur mendocino dieron sus discursos, donde no s\u00f3lo felicitaron a los chicos por su intenci\u00f3n de mejorar la sociedad, sino haciendo hincapi\u00e9 en la importancia que manifiestan de trabajar por el bien com\u00fan.<\/p>\n<p>En este contexto, el Intendente Walther Marcolini dijo <strong><em>&#8216;es importante que se desarrollen estas reuniones en donde no se concentra solo en capital y se les de la oportunidad a los j\u00f3venes del sur mendocino. Es un placer escuchar a los j\u00f3venes, porque est\u00e1n profesionalmente formados y es muy alentador para el pa\u00eds&#8217; <\/em><\/strong>y agreg\u00f3<em><b> &#8216;es un desaf\u00edo plantarse anta los j\u00f3venes que tienen interrogantes y una agenda muy din\u00e1mica y sobre todo una mirada diferente a nosotros&#8217;.<\/b><\/em><\/p>\n<p>Los j\u00f3venes ya no son s\u00f3lo el futuro, son el presente. Por eso desde el FJ se invita a que se involucren, que contribuyan a una comunidad mejor, dejando de lado la grieta para avanzar hacia una gran transformaci\u00f3n social.<\/p>\n<p>Alrededor de 20 j\u00f3venes fueron distinguidos con diplomas, por su tarea en distintas labores sociales y por sus estudios cursados.<\/p>\n","protected":false},"excerpt":{"rendered":"<p>Organizado por el Frente Joven, se realiz\u00f3 en el Centro Integrador Universitario (CIU), de calle General Paz de la ciudad de &#8230;<\/p>\n","protected":false},"author":7,"featured_media":115798,"comment_status":"open","ping_status":"open","sticky":false,"template":"","format":"standard","meta":{"footnotes":""},"categories":[5,10],"tags":[],"class_list":["post-115797","post","type-post","status-publish","format-standard","has-post-thumbnail","hentry","category-actualidad","category-destacadas"],"_links":{"self":[{"href":"https:\/\/vinasfm.com\/noticias\/wp-json\/wp\/v2\/posts\/115797","targetHints":{"allow":["GET"]}}],"collection":[{"href":"https:\/\/vinasfm.com\/noticias\/wp-json\/wp\/v2\/posts"}],"about":[{"href":"https:\/\/vinasfm.com\/noticias\/wp-json\/wp\/v2\/types\/post"}],"author":[{"embeddable":true,"href":"https:\/\/vinasfm.com\/noticias\/wp-json\/wp\/v2\/users\/7"}],"replies":[{"embeddable":true,"href":"https:\/\/vinasfm.com\/noticias\/wp-json\/wp\/v2\/comments?post=115797"}],"version-history":[{"count":4,"href":"https:\/\/vinasfm.com\/noticias\/wp-json\/wp\/v2\/posts\/115797\/revisions"}],"predecessor-version":[{"id":115800,"href":"https:\/\/vinasfm.com\/noticias\/wp-json\/wp\/v2\/posts\/115797\/revisions\/115800"}],"wp:featuredmedia":[{"embeddable":true,"href":"https:\/\/vinasfm.com\/noticias\/wp-json\/wp\/v2\/media\/115798"}],"wp:attachment":[{"href":"https:\/\/vinasfm.com\/noticias\/wp-json\/wp\/v2\/media?parent=115797"}],"wp:term":[{"taxonomy":"category","embeddable":true,"href":"https:\/\/vinasfm.com\/noticias\/wp-json\/wp\/v2\/categories?post=115797"},{"taxonomy":"post_tag","embeddable":true,"href":"https:\/\/vinasfm.com\/noticias\/wp-json\/wp\/v2\/tags?post=115797"}],"curies":[{"name":"wp","href":"https:\/\/api.w.org\/{rel}","templated":true}]}}