{"id":115782,"date":"2022-11-11T08:20:40","date_gmt":"2022-11-11T11:20:40","guid":{"rendered":"http:\/\/vinasfm.com\/noticias\/?p=115782"},"modified":"2022-11-14T08:03:24","modified_gmt":"2022-11-14T11:03:24","slug":"tendencia-meteorologica-para-el-fin-de-semana","status":"publish","type":"post","link":"https:\/\/vinasfm.com\/noticias\/tendencia-meteorologica-para-el-fin-de-semana\/","title":{"rendered":"TENDENCIA METEOROL\u00d3GICA PARA EL FIN DE SEMANA"},"content":{"rendered":"<h4><strong>Con una precipitaci\u00f3n de 15mm hasta las 6:30 en Ciudad, as\u00ed estar\u00e1 e<\/strong><strong>l fin de semana marcado por un descenso de temperatura y leves precipitaciones.<\/strong><\/h4>\n<p><strong><em>Hoy viernes<\/em><\/strong> el cielo permanecer\u00e1 nublado con leves mejoramientos temporales y precipitaciones aisladas hasta las 19 hs. A partir de las 23 hs. Formaci\u00f3n de tormentas con una madrugada de s\u00e1bado con precipitaciones m\u00e1s intensas. <em><strong>M\u00e1xima 23 \u00b0C, m\u00ednima 10 \u00b0C<\/strong><\/em><\/p>\n<p><strong><em>El s\u00e1bado<\/em> <\/strong>inicia con abundantes precipitaciones que se extender\u00e1n durante la ma\u00f1ana, luego precipitaciones aisladas hasta las 20 hs., a partir de all\u00ed las condiciones tienden a estabilizarse. Descenso de temperatura, <strong><em>m\u00e1xima 20 \u00b0C, m\u00ednima 11 \u00b0C.<\/em><\/strong><\/p>\n<p>El fin de semana culmina <em><strong>el domingo 13<\/strong><\/em> presentando el cielo con nubosidad. Hac\u00eda la tarde, desde las 17hs, formaci\u00f3n de tormentas y precipitaciones aisladas. Desde las 20 hs. Comienza a despejarse. Leve ascenso de temperatura, <em><strong>m\u00e1xima 22 \u00b0C, m\u00ednima 12 \u00b0C.\u00a0<\/strong><\/em><\/p>\n<p>Para el <em><strong>pr\u00f3ximo lunes<\/strong><\/em>\u00a0se espera un ingreso de viento norte-noroeste y cielo con escasa nubosidad. Ascenso de temperatura, <em><strong>m\u00e1xima 25 \u00b0C, m\u00ednima 12 \u00b0C.<\/strong><\/em><\/p>\n","protected":false},"excerpt":{"rendered":"<p>Con una precipitaci\u00f3n de 15mm hasta las 6:30 en Ciudad, as\u00ed estar\u00e1 el fin de semana marcado por un descenso de &#8230;<\/p>\n","protected":false},"author":7,"featured_media":69668,"comment_status":"open","ping_status":"open","sticky":false,"template":"","format":"standard","meta":{"footnotes":""},"categories":[5,17],"tags":[],"class_list":["post-115782","post","type-post","status-publish","format-standard","has-post-thumbnail","hentry","category-actualidad","category-clima"],"_links":{"self":[{"href":"https:\/\/vinasfm.com\/noticias\/wp-json\/wp\/v2\/posts\/115782","targetHints":{"allow":["GET"]}}],"collection":[{"href":"https:\/\/vinasfm.com\/noticias\/wp-json\/wp\/v2\/posts"}],"about":[{"href":"https:\/\/vinasfm.com\/noticias\/wp-json\/wp\/v2\/types\/post"}],"author":[{"embeddable":true,"href":"https:\/\/vinasfm.com\/noticias\/wp-json\/wp\/v2\/users\/7"}],"replies":[{"embeddable":true,"href":"https:\/\/vinasfm.com\/noticias\/wp-json\/wp\/v2\/comments?post=115782"}],"version-history":[{"count":4,"href":"https:\/\/vinasfm.com\/noticias\/wp-json\/wp\/v2\/posts\/115782\/revisions"}],"predecessor-version":[{"id":115791,"href":"https:\/\/vinasfm.com\/noticias\/wp-json\/wp\/v2\/posts\/115782\/revisions\/115791"}],"wp:featuredmedia":[{"embeddable":true,"href":"https:\/\/vinasfm.com\/noticias\/wp-json\/wp\/v2\/media\/69668"}],"wp:attachment":[{"href":"https:\/\/vinasfm.com\/noticias\/wp-json\/wp\/v2\/media?parent=115782"}],"wp:term":[{"taxonomy":"category","embeddable":true,"href":"https:\/\/vinasfm.com\/noticias\/wp-json\/wp\/v2\/categories?post=115782"},{"taxonomy":"post_tag","embeddable":true,"href":"https:\/\/vinasfm.com\/noticias\/wp-json\/wp\/v2\/tags?post=115782"}],"curies":[{"name":"wp","href":"https:\/\/api.w.org\/{rel}","templated":true}]}}