{"id":115777,"date":"2022-11-11T08:09:57","date_gmt":"2022-11-11T11:09:57","guid":{"rendered":"http:\/\/vinasfm.com\/noticias\/?p=115777"},"modified":"2022-11-14T08:02:04","modified_gmt":"2022-11-14T11:02:04","slug":"se-realizo-el-primer-encuentro-de-capacitacion-sobre-emprendimientos-y-cooperativas-en-alvear","status":"publish","type":"post","link":"https:\/\/vinasfm.com\/noticias\/se-realizo-el-primer-encuentro-de-capacitacion-sobre-emprendimientos-y-cooperativas-en-alvear\/","title":{"rendered":"SE REALIZ\u00d3 EL PRIMER ENCUENTRO DE CAPACITACI\u00d3N SOBRE EMPRENDIMIENTOS Y COOPERATIVAS EN ALVEAR"},"content":{"rendered":"<p><strong>Primer encuentro de capacitaci\u00f3n sobre Emprendimientos y Cooperativas en Alvear.\u00a0<\/strong><\/p>\n<p>Con una gran convocatoria, ayer en el Punto Digital de Bodega Fara\u00f3n, se llev\u00f3 a cabo el 1er encuentro del<strong> \u201cAlvear IMPULSA\u201d<\/strong>, que propone capacitaciones sobre Emprendimientos y Cooperativas, Emprendedurismo y nuevos paradigmas, Herramientas de empleo y Marketing Digital.<\/p>\n<p>La capacitaci\u00f3n tuvo como eje el emprendedurismo y los nuevos paradigmas, herramientas de empleo y Marketing Digital. Se trata de un total de tres encuentros a cargo de profesionales de la UNCuyo y del Ministerio de Econom\u00eda de la Provincia. La capacitaci\u00f3n de formaci\u00f3n en emprendedurismo, trata de acercar al p\u00fablico a las herramientas que tiene el Ministerio de Econom\u00eda, a trav\u00e9s de la Direcci\u00f3n de Empleo. Respecto a cooperativismo, se habla acerca de c\u00f3mo formar una asociaci\u00f3n, requisitos, c\u00f3mo gestionarla, explic\u00f3 Ezequiel Kapluk:<em><strong> \u201cSobre emprendedurismo y nuevos paradigmas disert\u00f3 Pablo Gareca y herramientas de empleo y Marketing Digital estuvo a cargo de Malena Carricondo\u201d<\/strong><\/em>.<\/p>\n<p>Por su parte, Patricia Cerezo detall\u00f3 que el \u201cAlvear Impulsa\u201d fue organizado por el Municipio, la UNCuyo y el Ministerio de Econom\u00eda de la Provincia: <em><strong>\u201cEl objetivo es acercar a los ciudadanos las herramientas para que puedan llevar a cabo su emprendimiento, todo lo relacionado a la legalizaci\u00f3n, para acceder a cr\u00e9ditos o pr\u00e9stamos\u201d<\/strong><\/em>.<\/p>\n<p>El cronograma contin\u00faa de la siguiente manera:<\/p>\n<p>La innovadora actividad est\u00e1 organizada por la UNCuyo, el Ministerio de Econom\u00eda y Energ\u00eda de Mendoza y la Municipalidad de General.<\/p>\n","protected":false},"excerpt":{"rendered":"<p>Primer encuentro de capacitaci\u00f3n sobre Emprendimientos y Cooperativas en Alvear.\u00a0 Con una gran convocatoria, ayer en el Punto Digital de Bodega &#8230;<\/p>\n","protected":false},"author":7,"featured_media":115778,"comment_status":"open","ping_status":"open","sticky":false,"template":"","format":"standard","meta":{"footnotes":""},"categories":[5,10],"tags":[],"class_list":["post-115777","post","type-post","status-publish","format-standard","has-post-thumbnail","hentry","category-actualidad","category-destacadas"],"_links":{"self":[{"href":"https:\/\/vinasfm.com\/noticias\/wp-json\/wp\/v2\/posts\/115777","targetHints":{"allow":["GET"]}}],"collection":[{"href":"https:\/\/vinasfm.com\/noticias\/wp-json\/wp\/v2\/posts"}],"about":[{"href":"https:\/\/vinasfm.com\/noticias\/wp-json\/wp\/v2\/types\/post"}],"author":[{"embeddable":true,"href":"https:\/\/vinasfm.com\/noticias\/wp-json\/wp\/v2\/users\/7"}],"replies":[{"embeddable":true,"href":"https:\/\/vinasfm.com\/noticias\/wp-json\/wp\/v2\/comments?post=115777"}],"version-history":[{"count":1,"href":"https:\/\/vinasfm.com\/noticias\/wp-json\/wp\/v2\/posts\/115777\/revisions"}],"predecessor-version":[{"id":115779,"href":"https:\/\/vinasfm.com\/noticias\/wp-json\/wp\/v2\/posts\/115777\/revisions\/115779"}],"wp:featuredmedia":[{"embeddable":true,"href":"https:\/\/vinasfm.com\/noticias\/wp-json\/wp\/v2\/media\/115778"}],"wp:attachment":[{"href":"https:\/\/vinasfm.com\/noticias\/wp-json\/wp\/v2\/media?parent=115777"}],"wp:term":[{"taxonomy":"category","embeddable":true,"href":"https:\/\/vinasfm.com\/noticias\/wp-json\/wp\/v2\/categories?post=115777"},{"taxonomy":"post_tag","embeddable":true,"href":"https:\/\/vinasfm.com\/noticias\/wp-json\/wp\/v2\/tags?post=115777"}],"curies":[{"name":"wp","href":"https:\/\/api.w.org\/{rel}","templated":true}]}}