{"id":115768,"date":"2022-11-10T12:01:19","date_gmt":"2022-11-10T15:01:19","guid":{"rendered":"http:\/\/vinasfm.com\/noticias\/?p=115768"},"modified":"2022-11-10T12:01:19","modified_gmt":"2022-11-10T15:01:19","slug":"asi-quedo-el-camino-a-la-laguna-del-diamante-tras-el-invierno","status":"publish","type":"post","link":"https:\/\/vinasfm.com\/noticias\/asi-quedo-el-camino-a-la-laguna-del-diamante-tras-el-invierno\/","title":{"rendered":"AS\u00cd QUED\u00d3 EL CAMINO A LA LAGUNA DEL DIAMANTE TRAS EL INVIERNO"},"content":{"rendered":"<h4>Vialidad Mendoza comenzar\u00e1 la semana pr\u00f3xima a recuperar la traza afectada con grietas y socavones de hasta 4 metros de profundidad<\/h4>\n<p>Imparable, como de costumbre, el agua devor\u00f3 varios tramos del camino hacia la famosa Laguna del Diamante, uno de los rincones tur\u00edsticos por excelencia del Valle de Uco. Las tareas demandar\u00e1n una intervenci\u00f3n especial de Vialidad Mendoza, que iniciar\u00e1 la semana que viene los trabajos de recuperaci\u00f3n de la Ruta Provincial 98 que une al paraje sancarlino con la Ruta Nacional 40.<\/p>\n<p>Una inspecci\u00f3n de la Direcci\u00f3n Provincial de Vialidad (DPV) comprob\u00f3 que una importante creciente de agua, acaecida durante el invierno, abri\u00f3 en varios tramos del recorrido de 63 kil\u00f3metros, grandes socavones y grietas de hasta 4 metros de profundidad y de m\u00e1s de 6 metros de ancho.<\/p>\n<p>Las rajaduras han quedado a la vista gracias a que comenzaron a derretirse los planchones de hielo que se forman durante la temporada invernal y que cierran naturalmente el paso hasta el espejo de agua. Los expertos de Vialidad concluyeron que los da\u00f1os detectados no son normales.<\/p>\n<p>Para afrontar el desaf\u00edo, la DPV deber\u00e1 batallar con equipo pesado y el conocimiento m\u00e1s experimentado de su gente para normalizar y visibilizar una traza, que en algunos tramos, ha vuelto a tener el aspecto de un remoto paisaje cordillerano.<\/p>\n<p>Los trabajos de recuperaci\u00f3n del camino demandar\u00e1n al menos una decena de trabajadores viales para operar topadora, motoniveladora, camiones regadores y volcadores y pala cargadora.<\/p>\n<p>A medida que se vaya ascendiendo hacia la Laguna del Diamante, ubicada a 3.300 metros sobre el nivel del mar y cuyo camino cuenta con sectores que llegan a los 3.600 metros, los operarios de Vialidad Mendoza deber\u00e1n despejar tambi\u00e9n lenguas de hielo, rocas desplazadas, acarreos y derrumbes que todos los a\u00f1os bloquean el circuito.<\/p>\n<p>Los ingenieros de Vialidad Mendoza calculan que los trabajos demandar\u00e1n 25 d\u00edas como m\u00ednimo y que, a comienzo o mediados de diciembre, el paseo a la Laguna del Diamante, situada a los pies del volc\u00e1n Maipo, estar\u00e1 habilitado para que pueda ser visitada.<\/p>\n","protected":false},"excerpt":{"rendered":"<p>Vialidad Mendoza comenzar\u00e1 la semana pr\u00f3xima a recuperar la traza afectada con grietas y socavones de hasta 4 metros de profundidad &#8230;<\/p>\n","protected":false},"author":7,"featured_media":115772,"comment_status":"open","ping_status":"open","sticky":false,"template":"","format":"standard","meta":{"footnotes":""},"categories":[5,10],"tags":[],"class_list":["post-115768","post","type-post","status-publish","format-standard","has-post-thumbnail","hentry","category-actualidad","category-destacadas"],"_links":{"self":[{"href":"https:\/\/vinasfm.com\/noticias\/wp-json\/wp\/v2\/posts\/115768","targetHints":{"allow":["GET"]}}],"collection":[{"href":"https:\/\/vinasfm.com\/noticias\/wp-json\/wp\/v2\/posts"}],"about":[{"href":"https:\/\/vinasfm.com\/noticias\/wp-json\/wp\/v2\/types\/post"}],"author":[{"embeddable":true,"href":"https:\/\/vinasfm.com\/noticias\/wp-json\/wp\/v2\/users\/7"}],"replies":[{"embeddable":true,"href":"https:\/\/vinasfm.com\/noticias\/wp-json\/wp\/v2\/comments?post=115768"}],"version-history":[{"count":1,"href":"https:\/\/vinasfm.com\/noticias\/wp-json\/wp\/v2\/posts\/115768\/revisions"}],"predecessor-version":[{"id":115773,"href":"https:\/\/vinasfm.com\/noticias\/wp-json\/wp\/v2\/posts\/115768\/revisions\/115773"}],"wp:featuredmedia":[{"embeddable":true,"href":"https:\/\/vinasfm.com\/noticias\/wp-json\/wp\/v2\/media\/115772"}],"wp:attachment":[{"href":"https:\/\/vinasfm.com\/noticias\/wp-json\/wp\/v2\/media?parent=115768"}],"wp:term":[{"taxonomy":"category","embeddable":true,"href":"https:\/\/vinasfm.com\/noticias\/wp-json\/wp\/v2\/categories?post=115768"},{"taxonomy":"post_tag","embeddable":true,"href":"https:\/\/vinasfm.com\/noticias\/wp-json\/wp\/v2\/tags?post=115768"}],"curies":[{"name":"wp","href":"https:\/\/api.w.org\/{rel}","templated":true}]}}