{"id":115765,"date":"2022-11-10T12:00:38","date_gmt":"2022-11-10T15:00:38","guid":{"rendered":"http:\/\/vinasfm.com\/noticias\/?p=115765"},"modified":"2022-11-10T12:00:38","modified_gmt":"2022-11-10T15:00:38","slug":"el-cct-carlos-obligado-cierra-su-ano-con-una-muestra-educativa","status":"publish","type":"post","link":"https:\/\/vinasfm.com\/noticias\/el-cct-carlos-obligado-cierra-su-ano-con-una-muestra-educativa\/","title":{"rendered":"EL CCT CARLOS OBLIGADO CIERRA SU A\u00d1O CON UNA MUESTRA EDUCATIVA"},"content":{"rendered":"<h4><em><strong>El Centro de Capacitaci\u00f3n de Trabajado, que se ubica en las instalaciones de la escuela Carlos Obligado tendr\u00e1 su cierre anual.\u00a0<\/strong><\/em><\/h4>\n<p><em><strong>&#8216;Como cada a\u00f1o el cierre se realizar\u00e1 con una muestra anual en la que participan todos los alumnos y alumnas&#8217;<\/strong><\/em> explic\u00f3 Noe Tobio, profesora del CCT. Adem\u00e1s contar\u00e1 con un desfile y la participaci\u00f3n de artistas locales; academia La Carreta, Tango de Sur Cuyano, y voces de artistas de Bowen.<\/p>\n<p>El cierre anual se realizar\u00e1 en el Mercadito Municipal, ubicado en Calle San Rafael, donde se encontrar\u00e1 una diversidad de stands presentando todos los productos y actividades que se realizan el los cursos del CCT Carlos, Obligado.<\/p>\n","protected":false},"excerpt":{"rendered":"<p>El Centro de Capacitaci\u00f3n de Trabajado, que se ubica en las instalaciones de la escuela Carlos Obligado tendr\u00e1 su cierre anual.\u00a0 &#8230;<\/p>\n","protected":false},"author":7,"featured_media":115769,"comment_status":"open","ping_status":"open","sticky":false,"template":"","format":"standard","meta":{"footnotes":""},"categories":[5,10],"tags":[],"class_list":["post-115765","post","type-post","status-publish","format-standard","has-post-thumbnail","hentry","category-actualidad","category-destacadas"],"_links":{"self":[{"href":"https:\/\/vinasfm.com\/noticias\/wp-json\/wp\/v2\/posts\/115765","targetHints":{"allow":["GET"]}}],"collection":[{"href":"https:\/\/vinasfm.com\/noticias\/wp-json\/wp\/v2\/posts"}],"about":[{"href":"https:\/\/vinasfm.com\/noticias\/wp-json\/wp\/v2\/types\/post"}],"author":[{"embeddable":true,"href":"https:\/\/vinasfm.com\/noticias\/wp-json\/wp\/v2\/users\/7"}],"replies":[{"embeddable":true,"href":"https:\/\/vinasfm.com\/noticias\/wp-json\/wp\/v2\/comments?post=115765"}],"version-history":[{"count":2,"href":"https:\/\/vinasfm.com\/noticias\/wp-json\/wp\/v2\/posts\/115765\/revisions"}],"predecessor-version":[{"id":115771,"href":"https:\/\/vinasfm.com\/noticias\/wp-json\/wp\/v2\/posts\/115765\/revisions\/115771"}],"wp:featuredmedia":[{"embeddable":true,"href":"https:\/\/vinasfm.com\/noticias\/wp-json\/wp\/v2\/media\/115769"}],"wp:attachment":[{"href":"https:\/\/vinasfm.com\/noticias\/wp-json\/wp\/v2\/media?parent=115765"}],"wp:term":[{"taxonomy":"category","embeddable":true,"href":"https:\/\/vinasfm.com\/noticias\/wp-json\/wp\/v2\/categories?post=115765"},{"taxonomy":"post_tag","embeddable":true,"href":"https:\/\/vinasfm.com\/noticias\/wp-json\/wp\/v2\/tags?post=115765"}],"curies":[{"name":"wp","href":"https:\/\/api.w.org\/{rel}","templated":true}]}}