{"id":115757,"date":"2022-11-10T10:26:28","date_gmt":"2022-11-10T13:26:28","guid":{"rendered":"http:\/\/vinasfm.com\/noticias\/?p=115757"},"modified":"2022-11-10T10:26:28","modified_gmt":"2022-11-10T13:26:28","slug":"heladas-el-congreso-aprobo-el-pedido-para-declarar-la-emergencia-en-mendoza","status":"publish","type":"post","link":"https:\/\/vinasfm.com\/noticias\/heladas-el-congreso-aprobo-el-pedido-para-declarar-la-emergencia-en-mendoza\/","title":{"rendered":"HELADAS: EL CONGRESO APROB\u00d3 EL PEDIDO PARA DECLARAR LA EMERGENCIA EN MENDOZA"},"content":{"rendered":"<h4><strong>La C\u00e1mara de Diputados de la Naci\u00f3n dio el visto bueno al proyecto de siete mendocinos para que el Gobierno dicte la emergencia agropecuaria por las heladas.<\/strong><\/h4>\n<article class=\"article-body article-body--first-paragraph\" data-td-script-src=\"https:\/\/www.sitioandino.com.ar\/td\/modulos\/encuestas\/js\/function-embeds-min-version-1661266718.js\">Las\u00a0<strong><em>heladas tard\u00edas registradas en distintas zonas de Mendoza<\/em><\/strong>\u00a0a inicios de la semana pasada generaron severos da\u00f1os en los diferentes cultivos, con p\u00e9rdidas que en muchos casos alcanzaron el 100% de la producci\u00f3n. M\u00e1s all\u00e1 de las<em><strong>\u00a0m<\/strong><\/em><em><strong>e<\/strong><\/em><em><strong>didas anunciadas por el ministro de Econom\u00eda Sergio Massa<\/strong><\/em>\u00a0para asistir a productores afectados, y a la\u00a0<em><strong>declaraci\u00f3n de emergencia agropecuaria por parte del Gobierno local<\/strong><\/em>, la\u00a0<strong>C\u00e1mara de Diputados de la Naci\u00f3n aprob\u00f3 en la sesi\u00f3n especial del mi\u00e9rcoles un proyecto de declaraci\u00f3n<\/strong>\u00a0para que el Ejecutivo federal avance en similar sentido.<\/p>\n<\/article>\n<article class=\"article-body article-body--second-paragraph\">Se trata de una\u00a0<strong>iniciativa que presentaron siete legisladores de Mendoza<\/strong>\u00a0de distintas fuerzas pol\u00edticas, que anexaron diferentes propuestas que trataban sobre el mismo tema, con el fin de unificar el pedido para que el Ministerio de Econom\u00eda y la Secretar\u00eda de Agricultura, Ganader\u00eda y Pesca declaren el\u00a0<strong>estado de emergencia y\/o desastre agropecuario<\/strong>\u00a0en la Provincia, en el marco de la\u00a0<em><strong>Ley 26.509<\/strong><\/em>.<\/p>\n<p>De este modo, se habilitar\u00e1 la implementaci\u00f3n de\u00a0<strong>medidas econ\u00f3micas, financieras, productivas y sociales necesarias para asistir a los productores afectados<\/strong>.<\/p>\n<p>En sus fundamentos, el expediente da cuenta de las graves consecuencias que dej\u00f3 el fen\u00f3meno clim\u00e1tico presentado en las madrugadas del lunes 31 de octubre y el martes 1 de noviembre, que implic\u00f3 \u201cgraves p\u00e9rdidas para la producci\u00f3n vitivin\u00edcola y agr\u00edcola en general\u201d.<\/p>\n<p>\u201cAl d\u00eda de la fecha se estiman\u00a0<strong>p\u00e9rdidas de hasta el cien por ciento en vid y olivos en diversas zonas<\/strong>\u00a0de la Provincia de Mendoza. En general las p\u00e9rdidas no bajan del cincuenta por ciento conforme la informaci\u00f3n brindada por los productores\u201d, detall\u00f3 la iniciativa aprobada con el acompa\u00f1amiento de la mayor\u00eda del cuerpo (que a esa altura contaba con la ausencia del PRO, que se retir\u00f3 de la sesi\u00f3n).<\/p>\n<p>Si bien la evaluaci\u00f3n de da\u00f1os lleva al menos 20 d\u00edas a partir de las denuncias de los productores, el Ministerio de Econom\u00eda de Mendoza estim\u00f3\u00a0<strong>p\u00e9rdidas del 100% en unas 10.000 hect\u00e1reas vit\u00edcolas y alrededor de 9.000 con frutales<\/strong>, repartidas en 135 distritos del territorio provincial.<\/p>\n<\/article>\n","protected":false},"excerpt":{"rendered":"<p>La C\u00e1mara de Diputados de la Naci\u00f3n dio el visto bueno al proyecto de siete mendocinos para que el Gobierno dicte &#8230;<\/p>\n","protected":false},"author":7,"featured_media":63815,"comment_status":"open","ping_status":"open","sticky":false,"template":"","format":"standard","meta":{"footnotes":""},"categories":[1],"tags":[],"class_list":["post-115757","post","type-post","status-publish","format-standard","has-post-thumbnail","hentry","category-fmvinas"],"_links":{"self":[{"href":"https:\/\/vinasfm.com\/noticias\/wp-json\/wp\/v2\/posts\/115757","targetHints":{"allow":["GET"]}}],"collection":[{"href":"https:\/\/vinasfm.com\/noticias\/wp-json\/wp\/v2\/posts"}],"about":[{"href":"https:\/\/vinasfm.com\/noticias\/wp-json\/wp\/v2\/types\/post"}],"author":[{"embeddable":true,"href":"https:\/\/vinasfm.com\/noticias\/wp-json\/wp\/v2\/users\/7"}],"replies":[{"embeddable":true,"href":"https:\/\/vinasfm.com\/noticias\/wp-json\/wp\/v2\/comments?post=115757"}],"version-history":[{"count":1,"href":"https:\/\/vinasfm.com\/noticias\/wp-json\/wp\/v2\/posts\/115757\/revisions"}],"predecessor-version":[{"id":115758,"href":"https:\/\/vinasfm.com\/noticias\/wp-json\/wp\/v2\/posts\/115757\/revisions\/115758"}],"wp:featuredmedia":[{"embeddable":true,"href":"https:\/\/vinasfm.com\/noticias\/wp-json\/wp\/v2\/media\/63815"}],"wp:attachment":[{"href":"https:\/\/vinasfm.com\/noticias\/wp-json\/wp\/v2\/media?parent=115757"}],"wp:term":[{"taxonomy":"category","embeddable":true,"href":"https:\/\/vinasfm.com\/noticias\/wp-json\/wp\/v2\/categories?post=115757"},{"taxonomy":"post_tag","embeddable":true,"href":"https:\/\/vinasfm.com\/noticias\/wp-json\/wp\/v2\/tags?post=115757"}],"curies":[{"name":"wp","href":"https:\/\/api.w.org\/{rel}","templated":true}]}}