{"id":115737,"date":"2022-11-10T08:03:30","date_gmt":"2022-11-10T11:03:30","guid":{"rendered":"http:\/\/vinasfm.com\/noticias\/?p=115737"},"modified":"2022-11-11T09:14:16","modified_gmt":"2022-11-11T12:14:16","slug":"se-realizo-una-nueva-reunion-del-consejo-departamental-del-nino-nina-y-adolescente","status":"publish","type":"post","link":"https:\/\/vinasfm.com\/noticias\/se-realizo-una-nueva-reunion-del-consejo-departamental-del-nino-nina-y-adolescente\/","title":{"rendered":"SE REALIZ\u00d3 UNA NUEVA REUNI\u00d3N DEL CONSEJO DEPARTAMENTAL DEL NI\u00d1O, NI\u00d1A Y ADOLESCENTE"},"content":{"rendered":"<p><em><strong>En la Escuela N\u00b0 4-179 El Ceibo, ubicada en calle C, entre calles 13 y 16, se realiz\u00f3 una nueva Reuni\u00f3n del Consejo Departamental del Ni\u00f1o, Ni\u00f1a y Adolescente, conmemorando el aniversario del D\u00eda de la Convenci\u00f3n sobre los Derechos de Ni\u00f1as, Ni\u00f1os y Adolescentes<\/strong><\/em><\/p>\n<p>La Directora de Familia Cecilia Ariet, brind\u00f3 detalles de lo que fue esta nueva reuni\u00f3n, realizada en la Escuela El Ceibo, continuando con el objetivo de recorrer colegios secundarios del departamento: <em><strong>\u201cLa idea es escuchar las inquietudes y dudas que tienen como j\u00f3venes que son parte de la comunidad, realmente fue muy rica e interesante, donde los chicos pudieron conocer cu\u00e1l es el eje con el que trabajamos y plantear distintas actividades que ya ven\u00edan trabajando con sus profesores, sac\u00e1ndose dudas y rompiendo mitos\u201d<\/strong><\/em>.<\/p>\n<p>Es importante destacar que durante las reuniones del C<em><strong>onsejo, se afirman los derechos de los ni\u00f1os, j\u00f3venes y adolescentes, pero tambi\u00e9n las obligaciones que tienen: \u201cDeben saber que tienen derechos y obligaciones, y que, cuando se infringe una norma, tiene consecuencias. Es muy bueno que salgamos al territorio porque podemos escuchar a los chicos\u201d<\/strong><\/em>.<\/p>\n<p>Ariet destac\u00f3 que los directivos de los diferentes colegios pueden contactarse con la Direcci\u00f3n de Familia y solicitar que se lleven a cabo las reuniones en sus instituciones. El Consejo de Departamental del Ni\u00f1o, Ni\u00f1a y Adolescente est\u00e1 conformado por la Direcci\u00f3n de Familia, la Asesor\u00eda de NI\u00f1ez, Juventud y Adolescencia, OSEP, Ministerio P\u00fablico Fiscal, Hospital, \u00c1rea Departamental de Salud, Polic\u00eda de Mendoza, y otras \u00e1reas del Municipio.<\/p>\n","protected":false},"excerpt":{"rendered":"<p>En la Escuela N\u00b0 4-179 El Ceibo, ubicada en calle C, entre calles 13 y 16, se realiz\u00f3 una nueva Reuni\u00f3n &#8230;<\/p>\n","protected":false},"author":7,"featured_media":115738,"comment_status":"open","ping_status":"open","sticky":false,"template":"","format":"standard","meta":{"footnotes":""},"categories":[5,11],"tags":[],"class_list":["post-115737","post","type-post","status-publish","format-standard","has-post-thumbnail","hentry","category-actualidad","category-sociales"],"_links":{"self":[{"href":"https:\/\/vinasfm.com\/noticias\/wp-json\/wp\/v2\/posts\/115737","targetHints":{"allow":["GET"]}}],"collection":[{"href":"https:\/\/vinasfm.com\/noticias\/wp-json\/wp\/v2\/posts"}],"about":[{"href":"https:\/\/vinasfm.com\/noticias\/wp-json\/wp\/v2\/types\/post"}],"author":[{"embeddable":true,"href":"https:\/\/vinasfm.com\/noticias\/wp-json\/wp\/v2\/users\/7"}],"replies":[{"embeddable":true,"href":"https:\/\/vinasfm.com\/noticias\/wp-json\/wp\/v2\/comments?post=115737"}],"version-history":[{"count":1,"href":"https:\/\/vinasfm.com\/noticias\/wp-json\/wp\/v2\/posts\/115737\/revisions"}],"predecessor-version":[{"id":115739,"href":"https:\/\/vinasfm.com\/noticias\/wp-json\/wp\/v2\/posts\/115737\/revisions\/115739"}],"wp:featuredmedia":[{"embeddable":true,"href":"https:\/\/vinasfm.com\/noticias\/wp-json\/wp\/v2\/media\/115738"}],"wp:attachment":[{"href":"https:\/\/vinasfm.com\/noticias\/wp-json\/wp\/v2\/media?parent=115737"}],"wp:term":[{"taxonomy":"category","embeddable":true,"href":"https:\/\/vinasfm.com\/noticias\/wp-json\/wp\/v2\/categories?post=115737"},{"taxonomy":"post_tag","embeddable":true,"href":"https:\/\/vinasfm.com\/noticias\/wp-json\/wp\/v2\/tags?post=115737"}],"curies":[{"name":"wp","href":"https:\/\/api.w.org\/{rel}","templated":true}]}}