{"id":115699,"date":"2022-11-08T12:31:13","date_gmt":"2022-11-08T15:31:13","guid":{"rendered":"http:\/\/vinasfm.com\/noticias\/?p=115699"},"modified":"2022-11-10T08:45:37","modified_gmt":"2022-11-10T11:45:37","slug":"el-hcd-busca-declarar-a-general-alvear-en-emergencia-agropecuaria","status":"publish","type":"post","link":"https:\/\/vinasfm.com\/noticias\/el-hcd-busca-declarar-a-general-alvear-en-emergencia-agropecuaria\/","title":{"rendered":"EL HCD BUSCA DECLARAR A GENERAL ALVEAR EN EMERGENCIA AGROPECUARIA"},"content":{"rendered":"<h4><strong>Hoy en el HCD se realizar\u00e1 una Sesi\u00f3n Especial, a pedido del \u00abFRENTE DE TODOS\u00bb y \u00abPARTIDO FEDERAL\u00bb, con el fin de declarar al departamento en Emergencia Agropecuaria.\u00a0<\/strong><\/h4>\n<p><strong><em>&#8216;Seguramente hay mucho para modificar en es proyecto, ya que antes de sus anuncios en este Consejo Deliberante se llam\u00f3 a los presidentes de los bloques para intervenir en las llamadas a la provincia&#8217; <\/em><\/strong>mencion\u00f3 la Pte. del HCD departamental Mabel Ucelli en relaci\u00f3n a la declaraci\u00f3n de Emergencia y Desastre Agropecuario, por parte del Gobernador Rodolfo Su\u00e1rez. <strong><em>&#8216;Teniendo en cuenta esto se habl\u00f3 de avanzar con una medida legislativa, en caso de necesitarlo, de manera un\u00e1nime esperando que cada uno de los productores pueda hacer las denuncias&#8217;.<\/em><\/strong><\/p>\n<p>Anteriormente la Concejal Hebe Katzer mencion\u00f3 que desconoc\u00eda la sesi\u00f3n programada, ante esto Ucelli declar\u00f3 <em><strong>&#8216;El lunes nos reunimos con los presidentes de los bloques, para informar y poner a disposici\u00f3n las diferentes ordenanzas para que en consonancia todos juntos pudi\u00e9ramos avanzar. Tambi\u00e9n se los invit\u00f3 a la reuni\u00f3n con el ejecutivo y no asistieron&#8217; <\/strong><\/em>y agreg\u00f3<em><strong> &#8216;en este sentido la presidencia da la Sesi\u00f3n Especial para que el proyecto presentado por el Bloque Encuentro, pueda ser tratado el d\u00eda de ma\u00f1ana&#8217;.<\/strong><\/em><\/p>\n","protected":false},"excerpt":{"rendered":"<p>Hoy en el HCD se realizar\u00e1 una Sesi\u00f3n Especial, a pedido del \u00abFRENTE DE TODOS\u00bb y \u00abPARTIDO FEDERAL\u00bb, con el fin &#8230;<\/p>\n","protected":false},"author":7,"featured_media":15796,"comment_status":"open","ping_status":"open","sticky":false,"template":"","format":"standard","meta":{"footnotes":""},"categories":[1],"tags":[],"class_list":["post-115699","post","type-post","status-publish","format-standard","has-post-thumbnail","hentry","category-fmvinas"],"_links":{"self":[{"href":"https:\/\/vinasfm.com\/noticias\/wp-json\/wp\/v2\/posts\/115699","targetHints":{"allow":["GET"]}}],"collection":[{"href":"https:\/\/vinasfm.com\/noticias\/wp-json\/wp\/v2\/posts"}],"about":[{"href":"https:\/\/vinasfm.com\/noticias\/wp-json\/wp\/v2\/types\/post"}],"author":[{"embeddable":true,"href":"https:\/\/vinasfm.com\/noticias\/wp-json\/wp\/v2\/users\/7"}],"replies":[{"embeddable":true,"href":"https:\/\/vinasfm.com\/noticias\/wp-json\/wp\/v2\/comments?post=115699"}],"version-history":[{"count":2,"href":"https:\/\/vinasfm.com\/noticias\/wp-json\/wp\/v2\/posts\/115699\/revisions"}],"predecessor-version":[{"id":115701,"href":"https:\/\/vinasfm.com\/noticias\/wp-json\/wp\/v2\/posts\/115699\/revisions\/115701"}],"wp:featuredmedia":[{"embeddable":true,"href":"https:\/\/vinasfm.com\/noticias\/wp-json\/wp\/v2\/media\/15796"}],"wp:attachment":[{"href":"https:\/\/vinasfm.com\/noticias\/wp-json\/wp\/v2\/media?parent=115699"}],"wp:term":[{"taxonomy":"category","embeddable":true,"href":"https:\/\/vinasfm.com\/noticias\/wp-json\/wp\/v2\/categories?post=115699"},{"taxonomy":"post_tag","embeddable":true,"href":"https:\/\/vinasfm.com\/noticias\/wp-json\/wp\/v2\/tags?post=115699"}],"curies":[{"name":"wp","href":"https:\/\/api.w.org\/{rel}","templated":true}]}}