{"id":115683,"date":"2022-11-09T00:51:08","date_gmt":"2022-11-09T03:51:08","guid":{"rendered":"http:\/\/vinasfm.com\/noticias\/?p=115683"},"modified":"2022-11-10T08:49:34","modified_gmt":"2022-11-10T11:49:34","slug":"la-concejal-del-pj-hebe-katzer-hablo-acerca-de-las-heladas-que-afectaron-a-los-sectores-del-departamento","status":"publish","type":"post","link":"https:\/\/vinasfm.com\/noticias\/la-concejal-del-pj-hebe-katzer-hablo-acerca-de-las-heladas-que-afectaron-a-los-sectores-del-departamento\/","title":{"rendered":"LA CONCEJAL DEL PJ HEBE KATZER HABL\u00d3 ACERCA DE LAS HELADAS QUE AFECTARON A LOS SECTORES DEL DEPARTAMENTO"},"content":{"rendered":"<h4><strong>Tras un pedido de sesi\u00f3n especial la Concejal del Frende de Todos junto a Silvina Maelzi, Raquel Yunes, Adrian Caltabiano y Ariel Andr\u00e9s declararon la emergencia agropecuaria por las heladas que afectaron a gran parte de General Alvear<\/strong><\/h4>\n<p>En di\u00e1logo con F.M VI\u00d1AS la concejal destac\u00f3: <em><strong>&#8216;Tenemos una sesi\u00f3n especial donde pediremos que se declare la emergencia agropecuaria, es de p\u00fablico conocimiento las heladas que hemos tenido y no solo esta problem\u00e1tica si no tambi\u00e9n los vientos ya que desidrata a la planta y el productor sigue afectado, debido a estos reclamos decidimos presentar esta declaraci\u00f3n para que el ejecutivo tenga herramientras para brindarles a los productores afectados&#8217;<\/strong><\/em><\/p>\n<p>Adem\u00e1s habl\u00f3 acerca de la reuni\u00f3n que se realiz\u00f3 desde el ejecutivo: <em><strong>&#8216;Nuestro bloque no particip\u00f3 de la reuni\u00f3n porque no tuvimos la informaci\u00f3n correspondiente y de una manera adecuada, si escuche los anuncios y son positivos porque son necesarios, debemos ayudar a gestionar ya que muchas veces vemos que las medidas solo llegan a los grandes productores y a los peque\u00f1os productores por ejemplo de nuestro departamento no llegan. Tambi\u00e9n escuche los anuncios del Ministro de Econom\u00eda y creo que es la forma de trabajar con los tres niveles&#8217;<\/strong><\/em><\/p>\n","protected":false},"excerpt":{"rendered":"<p>Tras un pedido de sesi\u00f3n especial la Concejal del Frende de Todos junto a Silvina Maelzi, Raquel Yunes, Adrian Caltabiano y &#8230;<\/p>\n","protected":false},"author":7,"featured_media":115684,"comment_status":"open","ping_status":"open","sticky":false,"template":"","format":"standard","meta":{"footnotes":""},"categories":[5,10],"tags":[],"class_list":["post-115683","post","type-post","status-publish","format-standard","has-post-thumbnail","hentry","category-actualidad","category-destacadas"],"_links":{"self":[{"href":"https:\/\/vinasfm.com\/noticias\/wp-json\/wp\/v2\/posts\/115683","targetHints":{"allow":["GET"]}}],"collection":[{"href":"https:\/\/vinasfm.com\/noticias\/wp-json\/wp\/v2\/posts"}],"about":[{"href":"https:\/\/vinasfm.com\/noticias\/wp-json\/wp\/v2\/types\/post"}],"author":[{"embeddable":true,"href":"https:\/\/vinasfm.com\/noticias\/wp-json\/wp\/v2\/users\/7"}],"replies":[{"embeddable":true,"href":"https:\/\/vinasfm.com\/noticias\/wp-json\/wp\/v2\/comments?post=115683"}],"version-history":[{"count":2,"href":"https:\/\/vinasfm.com\/noticias\/wp-json\/wp\/v2\/posts\/115683\/revisions"}],"predecessor-version":[{"id":115696,"href":"https:\/\/vinasfm.com\/noticias\/wp-json\/wp\/v2\/posts\/115683\/revisions\/115696"}],"wp:featuredmedia":[{"embeddable":true,"href":"https:\/\/vinasfm.com\/noticias\/wp-json\/wp\/v2\/media\/115684"}],"wp:attachment":[{"href":"https:\/\/vinasfm.com\/noticias\/wp-json\/wp\/v2\/media?parent=115683"}],"wp:term":[{"taxonomy":"category","embeddable":true,"href":"https:\/\/vinasfm.com\/noticias\/wp-json\/wp\/v2\/categories?post=115683"},{"taxonomy":"post_tag","embeddable":true,"href":"https:\/\/vinasfm.com\/noticias\/wp-json\/wp\/v2\/tags?post=115683"}],"curies":[{"name":"wp","href":"https:\/\/api.w.org\/{rel}","templated":true}]}}