{"id":115677,"date":"2022-11-08T12:16:02","date_gmt":"2022-11-08T15:16:02","guid":{"rendered":"http:\/\/vinasfm.com\/noticias\/?p=115677"},"modified":"2022-11-09T09:06:33","modified_gmt":"2022-11-09T12:06:33","slug":"desbarataron-una-banda-dedicada-al-narcotrafico-en-la-zona-sur-provincial","status":"publish","type":"post","link":"https:\/\/vinasfm.com\/noticias\/desbarataron-una-banda-dedicada-al-narcotrafico-en-la-zona-sur-provincial\/","title":{"rendered":"DESBARATARON UNA BANDA DEDICADA AL NARCOTR\u00c1FICO EN LA ZONA SUR PROVINCIAL"},"content":{"rendered":"<h4><strong>El Departamento de Lucha Contra el Narcotr\u00e1fico de la Zona Sur, este fin de semana logr\u00f3 desbaratar una banda dedicada al Narcotr\u00e1fico en la Zona Sur Provincial, vinculada con internos de la Penitenciaria de San Rafael.<\/strong><\/h4>\n<p>Las medidas comenzaron el d\u00eda s\u00e1bado, en horas de la tarde, con una serie de Allanamientos en General Alvear y San Rafael, que finalizaron en el d\u00eda de la fecha, donde se procede al secuestro de Coca\u00edna, Marihuana y elementos de inter\u00e9s para la causa.<\/p>\n<p>La investigaci\u00f3n estuvo a cargo de la Divisi\u00f3n de Lucha Contra el Narcotr\u00e1fico de General Alvear quienes mediante tareas de inteligencia logran desarticular una banda dedicada al Narcotr\u00e1fico. Llevando a cabo dos allanamientos en Calle Cricunvalaci\u00f3n de General Alvear, otro en el Distrito de Cuadro Nacional, y en Barrio Constituci\u00f3n de San Rafael, adem\u00e1s una de las medidas se llev\u00f3 a cabo en una celda de la Penitenciaria Local, sobre un interno vinculado a la causa.<\/p>\n<p>Como resultado de las medidas judiciales se logra secuestrar un total de <strong><em>450 grs aproximadamente de Marihuana, 27 dosis de coca\u00edna, balanzas, 56 proyectiles calibre 9mm, y unos $450.000 en efectivos, d\u00f3lares<\/em><\/strong>, adem\u00e1s de otros elementos de inter\u00e9s.<\/p>\n<p>Por el hecho se encuentran detenidas 4 personas, dos masculinos y dos femenino, todos mayores de edad, en Av. Inf. Art. 5to. Inc. C de la Ley 23.737 a disposici\u00f3n del Magistrado Interviniente.<\/p>\n<p>Adem\u00e1s se deja constancia que al momento de llevarse a cabo el allanamiento el d\u00eda s\u00e1bado en Calle Cricunvalaci\u00f3n, los efectivos policiales fueron agredidos con piedras y elementos contundentes por asociales de la zona, provocando da\u00f1os en dos Movilidades, por estos hechos no hubieron detenidos.<\/p>\n","protected":false},"excerpt":{"rendered":"<p>El Departamento de Lucha Contra el Narcotr\u00e1fico de la Zona Sur, este fin de semana logr\u00f3 desbaratar una banda dedicada al &#8230;<\/p>\n","protected":false},"author":7,"featured_media":115678,"comment_status":"open","ping_status":"open","sticky":false,"template":"","format":"standard","meta":{"footnotes":""},"categories":[70,4],"tags":[],"class_list":["post-115677","post","type-post","status-publish","format-standard","has-post-thumbnail","hentry","category-insolito","category-policiales"],"_links":{"self":[{"href":"https:\/\/vinasfm.com\/noticias\/wp-json\/wp\/v2\/posts\/115677","targetHints":{"allow":["GET"]}}],"collection":[{"href":"https:\/\/vinasfm.com\/noticias\/wp-json\/wp\/v2\/posts"}],"about":[{"href":"https:\/\/vinasfm.com\/noticias\/wp-json\/wp\/v2\/types\/post"}],"author":[{"embeddable":true,"href":"https:\/\/vinasfm.com\/noticias\/wp-json\/wp\/v2\/users\/7"}],"replies":[{"embeddable":true,"href":"https:\/\/vinasfm.com\/noticias\/wp-json\/wp\/v2\/comments?post=115677"}],"version-history":[{"count":1,"href":"https:\/\/vinasfm.com\/noticias\/wp-json\/wp\/v2\/posts\/115677\/revisions"}],"predecessor-version":[{"id":115679,"href":"https:\/\/vinasfm.com\/noticias\/wp-json\/wp\/v2\/posts\/115677\/revisions\/115679"}],"wp:featuredmedia":[{"embeddable":true,"href":"https:\/\/vinasfm.com\/noticias\/wp-json\/wp\/v2\/media\/115678"}],"wp:attachment":[{"href":"https:\/\/vinasfm.com\/noticias\/wp-json\/wp\/v2\/media?parent=115677"}],"wp:term":[{"taxonomy":"category","embeddable":true,"href":"https:\/\/vinasfm.com\/noticias\/wp-json\/wp\/v2\/categories?post=115677"},{"taxonomy":"post_tag","embeddable":true,"href":"https:\/\/vinasfm.com\/noticias\/wp-json\/wp\/v2\/tags?post=115677"}],"curies":[{"name":"wp","href":"https:\/\/api.w.org\/{rel}","templated":true}]}}