{"id":115643,"date":"2022-11-07T12:18:22","date_gmt":"2022-11-07T15:18:22","guid":{"rendered":"http:\/\/vinasfm.com\/noticias\/?p=115643"},"modified":"2022-11-07T12:18:22","modified_gmt":"2022-11-07T15:18:22","slug":"reporte-policial-del-fin-de-semana-en-el-departamento","status":"publish","type":"post","link":"https:\/\/vinasfm.com\/noticias\/reporte-policial-del-fin-de-semana-en-el-departamento\/","title":{"rendered":"REPORTE POLICIAL DEL FIN DE SEMANA EN EL DEPARTAMENTO"},"content":{"rendered":"<h4><strong>El Sub Comisario Jos\u00e9 Gonzales, brind\u00f3 un reporte acerca de los hechos policiales ocurridos en el departamento el pasado fin de semana.\u00a0<\/strong><\/h4>\n<p><em><strong>El viernes por la noche<\/strong><\/em>, en la zona de Monte Coman, se produjo una ri\u00f1a protagonizada entre un camionero y un residente a ra\u00edz de una discusi\u00f3n por motivo del estacionamiento del cami\u00f3n. Al estacionar el veh\u00edculo en el frente de la vivienda, <em><strong>el propietario lo atac\u00f3 con una gomera rompiendo un vidrio<\/strong><\/em>; en respuesta el camionero<strong><em> lo golpe\u00f3 en la cabeza con un objeto contundente<\/em><\/strong>. El sujeto fue trasladado a San Rafael por lesiones graves y permanece internado. El conductor <strong><em>fue imputado en tentativo de homicidio y permanece a disposici\u00f3n de la fiscal\u00eda de San Rafael.\u00a0<\/em><\/strong><\/p>\n<p>Personal de Lucha Contra el Narcotr\u00e1fico,<em><strong> durante la tarde del s\u00e1bado<\/strong><\/em> realiz\u00f3 allanamientos en viviendas sobre Calle Circunvalaci\u00f3n.\u00a0 En la requisa <strong><em>secuestraron estupefacientes y dinero en efectivo<\/em><\/strong>; durante la ejecuci\u00f3n de la medida, <strong><em>vecinos agredieron al personal<\/em> <\/strong>resultando da\u00f1ado el parabrisas de un m\u00f3vil.<\/p>\n<p><strong><em>El d\u00eda domingo<\/em><\/strong>, durante el encuentro deportivo Pac\u00edfico &#8211; Argentinos,<strong> un integrante del cuerpo t\u00e9cnico de Sport Club Pac\u00edfico fue detenido luego de intentar agredir a los jueces del partido<\/strong>. A posterior continua el equipo la hinchada de \u00abEl Lobo\u00bb ingres\u00f3 al campo de juego y sustrajeron prendas de los jugadores, por tal motivo ingres\u00f3 el Personal de Infanter\u00eda a sacar a los deportistas. <strong><em>Algunos j\u00f3venes salieron del estadio causando estragos en la zona.\u00a0<\/em><\/strong><\/p>\n<p>A falta de un relevamiento semanal, <em><b>una oyente acudi\u00f3 al aire de F.M VI\u00d1AS y denunci\u00f3 el desvalijamiento y vandalizaci\u00f3n de una vivienda<\/b><\/em>, el pasado mi\u00e9rcoles, ubicada en calle Ameghino.<\/p>\n","protected":false},"excerpt":{"rendered":"<p>El Sub Comisario Jos\u00e9 Gonzales, brind\u00f3 un reporte acerca de los hechos policiales ocurridos en el departamento el pasado fin de &#8230;<\/p>\n","protected":false},"author":7,"featured_media":61552,"comment_status":"open","ping_status":"open","sticky":false,"template":"","format":"standard","meta":{"footnotes":""},"categories":[5,4],"tags":[],"class_list":["post-115643","post","type-post","status-publish","format-standard","has-post-thumbnail","hentry","category-actualidad","category-policiales"],"_links":{"self":[{"href":"https:\/\/vinasfm.com\/noticias\/wp-json\/wp\/v2\/posts\/115643","targetHints":{"allow":["GET"]}}],"collection":[{"href":"https:\/\/vinasfm.com\/noticias\/wp-json\/wp\/v2\/posts"}],"about":[{"href":"https:\/\/vinasfm.com\/noticias\/wp-json\/wp\/v2\/types\/post"}],"author":[{"embeddable":true,"href":"https:\/\/vinasfm.com\/noticias\/wp-json\/wp\/v2\/users\/7"}],"replies":[{"embeddable":true,"href":"https:\/\/vinasfm.com\/noticias\/wp-json\/wp\/v2\/comments?post=115643"}],"version-history":[{"count":1,"href":"https:\/\/vinasfm.com\/noticias\/wp-json\/wp\/v2\/posts\/115643\/revisions"}],"predecessor-version":[{"id":115648,"href":"https:\/\/vinasfm.com\/noticias\/wp-json\/wp\/v2\/posts\/115643\/revisions\/115648"}],"wp:featuredmedia":[{"embeddable":true,"href":"https:\/\/vinasfm.com\/noticias\/wp-json\/wp\/v2\/media\/61552"}],"wp:attachment":[{"href":"https:\/\/vinasfm.com\/noticias\/wp-json\/wp\/v2\/media?parent=115643"}],"wp:term":[{"taxonomy":"category","embeddable":true,"href":"https:\/\/vinasfm.com\/noticias\/wp-json\/wp\/v2\/categories?post=115643"},{"taxonomy":"post_tag","embeddable":true,"href":"https:\/\/vinasfm.com\/noticias\/wp-json\/wp\/v2\/tags?post=115643"}],"curies":[{"name":"wp","href":"https:\/\/api.w.org\/{rel}","templated":true}]}}