{"id":115584,"date":"2022-11-06T15:43:19","date_gmt":"2022-11-06T18:43:19","guid":{"rendered":"http:\/\/vinasfm.com\/noticias\/?p=115584"},"modified":"2022-11-09T08:10:53","modified_gmt":"2022-11-09T11:10:53","slug":"andrea-perez-bernal-asumio-como-vicepresidente-del-partido-democrata-provincial","status":"publish","type":"post","link":"https:\/\/vinasfm.com\/noticias\/andrea-perez-bernal-asumio-como-vicepresidente-del-partido-democrata-provincial\/","title":{"rendered":"ANDREA P\u00c9REZ BERNAL ASUMI\u00d3 COMO VICEPRESIDENTE DEL PARTIDO DEM\u00d3CRATA PROVINCIAL"},"content":{"rendered":"<h4><strong>El Partido Dem\u00f3crata renov\u00f3 sus autoridades de cara a las alecciones 2023. En el aire de F.M VI\u00d1AS, la actual vicepresidente defendi\u00f3 su propuesta de abrir el partido a la provincia.\u00a0<\/strong><\/h4>\n<p>Tras no concretarse las elecciones internas planteadas dentro del Partido Dem\u00f3crata, Andrea P\u00e9rez Bernal asumi\u00f3 la vicepresidencia provincial, definiendo su nuevo rol como <em><strong>&#8216;un gran orgullo, adem\u00e1s es un compromiso muy grande&#8217;<\/strong> <\/em>y agreg\u00f3 <strong><em>&#8216;me gusta realmente trabajar en los espacios que ocupo y no estar simplemente como un cupo m\u00e1s&#8217;.<\/em><\/strong><\/p>\n<p>La representante del cuarto distrito declar\u00f3 que <strong><em>&#8216;el partido deber\u00eda dar participaci\u00f3n y tomar las ideas de los departamentos, que es de donde va a poder ofrecer una fuerza que dej\u00f3 de ocupar&#8217;<\/em><\/strong> y remarc\u00f3 <strong><em>&#8216;las participaciones son siempre son muy escasas&#8217;.\u00a0<\/em><\/strong>P\u00e9rez sostiene que el partido debe soltarse y recuperar la identidad con sus valores, <strong><em>&#8216;no quiero decir que no necesite de alianzas, pero no puede desdibujarse la ideolog\u00eda del Partido Dem\u00f3crata&#8217;.<\/em><\/strong><\/p>\n<p>En cuanto a las recientes salidas de ex miembros del partido dijo <strong><em>&#8216;si bien hay personas que consideran que pueden ser muy \u00fatiles para la comunidad, hay mucha miseria. No es necesario recuperar a los que se han ido, se van y siguen haciendo da\u00f1o&#8217;.<\/em><\/strong><\/p>\n<h6>Gabriel Vallejos<\/h6>\n","protected":false},"excerpt":{"rendered":"<p>El Partido Dem\u00f3crata renov\u00f3 sus autoridades de cara a las alecciones 2023. En el aire de F.M VI\u00d1AS, la actual vicepresidente &#8230;<\/p>\n","protected":false},"author":7,"featured_media":115589,"comment_status":"open","ping_status":"open","sticky":false,"template":"","format":"standard","meta":{"footnotes":""},"categories":[5,7],"tags":[],"class_list":["post-115584","post","type-post","status-publish","format-standard","has-post-thumbnail","hentry","category-actualidad","category-politica"],"_links":{"self":[{"href":"https:\/\/vinasfm.com\/noticias\/wp-json\/wp\/v2\/posts\/115584","targetHints":{"allow":["GET"]}}],"collection":[{"href":"https:\/\/vinasfm.com\/noticias\/wp-json\/wp\/v2\/posts"}],"about":[{"href":"https:\/\/vinasfm.com\/noticias\/wp-json\/wp\/v2\/types\/post"}],"author":[{"embeddable":true,"href":"https:\/\/vinasfm.com\/noticias\/wp-json\/wp\/v2\/users\/7"}],"replies":[{"embeddable":true,"href":"https:\/\/vinasfm.com\/noticias\/wp-json\/wp\/v2\/comments?post=115584"}],"version-history":[{"count":2,"href":"https:\/\/vinasfm.com\/noticias\/wp-json\/wp\/v2\/posts\/115584\/revisions"}],"predecessor-version":[{"id":115591,"href":"https:\/\/vinasfm.com\/noticias\/wp-json\/wp\/v2\/posts\/115584\/revisions\/115591"}],"wp:featuredmedia":[{"embeddable":true,"href":"https:\/\/vinasfm.com\/noticias\/wp-json\/wp\/v2\/media\/115589"}],"wp:attachment":[{"href":"https:\/\/vinasfm.com\/noticias\/wp-json\/wp\/v2\/media?parent=115584"}],"wp:term":[{"taxonomy":"category","embeddable":true,"href":"https:\/\/vinasfm.com\/noticias\/wp-json\/wp\/v2\/categories?post=115584"},{"taxonomy":"post_tag","embeddable":true,"href":"https:\/\/vinasfm.com\/noticias\/wp-json\/wp\/v2\/tags?post=115584"}],"curies":[{"name":"wp","href":"https:\/\/api.w.org\/{rel}","templated":true}]}}