{"id":115506,"date":"2022-11-03T11:44:57","date_gmt":"2022-11-03T14:44:57","guid":{"rendered":"http:\/\/vinasfm.com\/noticias\/?p=115506"},"modified":"2022-11-07T10:37:14","modified_gmt":"2022-11-07T13:37:14","slug":"la-v-bienal-llega-a-su-fin","status":"publish","type":"post","link":"https:\/\/vinasfm.com\/noticias\/la-v-bienal-llega-a-su-fin\/","title":{"rendered":"LA V BIENAL LLEGA A SU FIN"},"content":{"rendered":"<h4><strong>Este fin de semana comienza a definirse la V BIENAL DE ARTE DEL ATUEL, con el objetivo de promover el desarrollo de las artes pl\u00e1sticas, poniendo especial atenci\u00f3n a los componentes de innovaci\u00f3n.<\/strong><\/h4>\n<p><strong><em>&#8216;Hubo una repercusi\u00f3n bastante grande, al igual que el a\u00f1o pasado, se inscribieron 206 artistas de\u00a0 36 ciudades del pa\u00eds y quedaron seleccionados 160 que participaran de la obra que estamos montando&#8217;<\/em><\/strong> indic\u00f3 la Directora de Cultura, Liana Piedrafita. &#8216;Esta es la \u00faltima bienal de nuestra gesti\u00f3n&#8217; aclar\u00f3.<\/p>\n<p>El s\u00e1bado 5 de noviembre el jurado llegar\u00e1 al departamento para seleccionar el 1\u00b0, 2\u00b0 y 3\u00b0\u00a0 puesto en fotograf\u00eda y 5 mencione honorificas en fotograf\u00eda y pintura. El domingo 6 la exposici\u00f3n ser\u00e1 abierta al p\u00fablico con n\u00famero art\u00edsticos,<strong><em> &#8216;en verdad tenemos obras magnificas&#8217;<\/em> <\/strong>expres\u00f3&#8217;.<\/p>\n<p>El jurado en fotograf\u00eda est\u00e1 compuesto por Eduardo Dolonguevich, Felipe Schiavone y Alexis Sad, la categor\u00eda de pintura ser\u00e1 juzgada por Carlos Escoriza, Germ\u00e1n \u00c1lvarez y Pedro Salazar.<\/p>\n<p>La muestra art\u00edstica quedar\u00e1 abierta hasta el 11 de diciembre, fecha en la cual se realizar\u00e1 la entrega de \u00abpremios de adquisici\u00f3n\u00bb, los premios para cada categor\u00eda son: 1\u00b0 premio $150.000, 2\u00b0 premio $100.000 y 3\u00b0 premio $70.000. Las obras ganadoras pasar\u00e1n a formar parte del museo de arte que se encuentren en Bodega Fara\u00f3n.<\/p>\n<h6>Gabriel Vallejos<\/h6>\n","protected":false},"excerpt":{"rendered":"<p>Este fin de semana comienza a definirse la V BIENAL DE ARTE DEL ATUEL, con el objetivo de promover el desarrollo &#8230;<\/p>\n","protected":false},"author":7,"featured_media":115512,"comment_status":"open","ping_status":"open","sticky":false,"template":"","format":"standard","meta":{"footnotes":""},"categories":[1],"tags":[],"class_list":["post-115506","post","type-post","status-publish","format-standard","has-post-thumbnail","hentry","category-fmvinas"],"_links":{"self":[{"href":"https:\/\/vinasfm.com\/noticias\/wp-json\/wp\/v2\/posts\/115506","targetHints":{"allow":["GET"]}}],"collection":[{"href":"https:\/\/vinasfm.com\/noticias\/wp-json\/wp\/v2\/posts"}],"about":[{"href":"https:\/\/vinasfm.com\/noticias\/wp-json\/wp\/v2\/types\/post"}],"author":[{"embeddable":true,"href":"https:\/\/vinasfm.com\/noticias\/wp-json\/wp\/v2\/users\/7"}],"replies":[{"embeddable":true,"href":"https:\/\/vinasfm.com\/noticias\/wp-json\/wp\/v2\/comments?post=115506"}],"version-history":[{"count":5,"href":"https:\/\/vinasfm.com\/noticias\/wp-json\/wp\/v2\/posts\/115506\/revisions"}],"predecessor-version":[{"id":115637,"href":"https:\/\/vinasfm.com\/noticias\/wp-json\/wp\/v2\/posts\/115506\/revisions\/115637"}],"wp:featuredmedia":[{"embeddable":true,"href":"https:\/\/vinasfm.com\/noticias\/wp-json\/wp\/v2\/media\/115512"}],"wp:attachment":[{"href":"https:\/\/vinasfm.com\/noticias\/wp-json\/wp\/v2\/media?parent=115506"}],"wp:term":[{"taxonomy":"category","embeddable":true,"href":"https:\/\/vinasfm.com\/noticias\/wp-json\/wp\/v2\/categories?post=115506"},{"taxonomy":"post_tag","embeddable":true,"href":"https:\/\/vinasfm.com\/noticias\/wp-json\/wp\/v2\/tags?post=115506"}],"curies":[{"name":"wp","href":"https:\/\/api.w.org\/{rel}","templated":true}]}}