{"id":115466,"date":"2022-11-03T10:03:33","date_gmt":"2022-11-03T13:03:33","guid":{"rendered":"http:\/\/vinasfm.com\/noticias\/?p=115466"},"modified":"2022-11-03T10:24:42","modified_gmt":"2022-11-03T13:24:42","slug":"los-productores-deben-realizar-la-denuncia-por-heladas-tardias-para-poder-acceder-a-beneficios","status":"publish","type":"post","link":"https:\/\/vinasfm.com\/noticias\/los-productores-deben-realizar-la-denuncia-por-heladas-tardias-para-poder-acceder-a-beneficios\/","title":{"rendered":"LOS PRODUCTORES DEBEN REALIZAR LA DENUNCIA POR HELADAS TARD\u00cdAS PARA PODER ACCEDER A BENEFICIOS"},"content":{"rendered":"<h4><strong>El Intendente Walther Marcolini junto al Director de Contingencias Clim\u00e1ticas de Mendoza Julio Eluani y al Secretario de Desarrollo y Promoci\u00f3n Departamental Carlos Ponce brindaron conferencia de prensa luego de las inclemencias del fin de semana y recorrieron la zona productiva afectada por las heladas<\/strong><\/h4>\n<p>La helada ha sido mucho m\u00e1s grave y extensa en el territorio argentino, de lo que se pensaba, y afect\u00f3 a varias provincias. La acontecida durante la madrugada del lunes, 31 de octubre, ha sido la m\u00e1s severa, luego han sido de menor impacto, detall\u00f3 el mandatario comunal.<\/p>\n<p>El da\u00f1o se va a evaluar por los t\u00e9cnicos y se han abierto las denuncias en TecnoSum Bowen y en la Direcci\u00f3n de Contingencias, ubicada en calle Olascoaga 173.<\/p>\n<p><em><strong>\u201cEl Gobernador ha determinado de inmediato, que todos sus funcionarios recorran la Provincia, eval\u00faen los da\u00f1os, que, comenzar\u00e1n a hacerse efectivos, por cuestiones t\u00e9cnicas, en quince d\u00edas. Tambi\u00e9n, la recepci\u00f3n de denuncias y ha decretado la emergencia agr\u00edcola, importante para activar mecanismos y para hacer el reclamo a nivel nacional\u201d<\/strong><\/em>, subray\u00f3 Marcolini y adhiri\u00f3: <em><strong>\u201cPara nosotros es una muy mala noticia, esta helada generalizada afecta a la vitivinicultura de manera muy fuerte y a la fruticultura. Adem\u00e1s, es el quinto a\u00f1o, de manera sistem\u00e1tica, que General Alvear se ve impedido de tener una cosecha normal, con todo lo que conlleva, de empleo temporario, de trabajos y labores culturales a lo largo del a\u00f1o y el giro econ\u00f3mico, para sobrevivir en un contexto dif\u00edcil, tanto en lo econ\u00f3mico como en lo social, de la mano de la macroeconom\u00eda\u201d.<\/strong><\/em><\/p>\n<p>Hay un total de 915 agricultores adheridos al Seguro Agr\u00edcola en General Alvear, con 5.700has, de los cuales, 890 poseen establecimientos menores a 20has.<em><strong> \u201cLa realidad del minifundio impera en el Departamento como realidad econ\u00f3mica, lo que afecta mucho la rentabilidad y sostenibilidad de los emprendimientos agr\u00edcolas. Nosotros, desde el municipio, vamos a adoptar todas las medidas que est\u00e9n al alcance de la Secretar\u00eda de Desarrollo y Promoci\u00f3n departamental, con recursos del municipio, m\u00e1s lo que la Provincia vaya a instrumentar, por eso, pedimos a los productores que hagan la declaraci\u00f3n y se acerquen a hacer las denuncias\u201d<\/strong><\/em>.<\/p>\n<p>Hay un total de 915 agricultores adheridos al Seguro Agr\u00edcola en General Alvear, con 5.700has, de los cuales, 890 poseen establecimientos menores a 20has. <em><strong>\u201cLa realidad del minifundio impera en el Departamento como realidad econ\u00f3mica, lo que afecta mucho la rentabilidad y sostenibilidad de los emprendimientos agr\u00edcolas. Nosotros, desde el municipio, vamos a adoptar todas las medidas que est\u00e9n al alcance de la Secretar\u00eda de Desarrollo y Promoci\u00f3n departamental, con recursos del municipio, m\u00e1s lo que la Provincia vaya a instrumentar, por eso, pedimos a los productores que hagan la declaraci\u00f3n y se acerquen a hacer las denuncias\u201d<\/strong><\/em>.<\/p>\n<p>Por su parte, Julio Eluani destac\u00f3 que el Gobernador Suarez ha dispuesto que se habiliten todas las medidas para apoyar a los agricultores, en este momento tan dif\u00edcil. <em><strong>\u201cEntre hoy y ma\u00f1ana va a estar el decreto de emergencia agropecuaria sancionado. Adem\u00e1s, nos ha pedido hacer recorridas con t\u00e9cnicos para hacer una evaluaci\u00f3n previa, lo m\u00e1s acertada posible, para mensura el da\u00f1o. Igualmente, la \u00faltima palabra la tienen las tasaciones, por eso los productores deben hacer la denuncia. Vamos a volver a abrir las denuncias en veinte d\u00edas, para el caso de que alg\u00fan productor que hoy no vea da\u00f1o y lo perciba m\u00e1s adelante, pueda radicar su denuncia y no quede fuera de los beneficios\u201d<\/strong><\/em>.<\/p>\n<p>La Provincia tiene un seguro agr\u00edcola: para productores de hasta 20has va a pagar $72.000 por hect\u00e1rea da\u00f1ada al 100%, tambi\u00e9n hay un seguro para productores de m\u00e1s de 20has. Adem\u00e1s, est\u00e1 el beneficio de la Ley de Emergencia Agropecuaria N\u00b0 9.083, que va a permitir obtener beneficios en el canon de Irrigaci\u00f3n, en la tarifa el\u00e9ctrica para pozos, canon de exenci\u00f3n del impuesto inmobiliario y diferimiento de impuestos que tengan con la Provincia, a trav\u00e9s del Fondo de la Transformaci\u00f3n y el Crecimiento o Mendoza Fiduciaria.<\/p>\n<p>El clima es un factor relevante en producci\u00f3n mendocina. En lo que va de primavera hemos tenido tres heladas, granizo, con menor frecuencia de tormentas, pero con tormentas violentas, m\u00e1s la sequ\u00eda y vientos que han sido determinantes.<em><strong> \u201cVamos a tener que tomar medidas para que en nuestra producci\u00f3n se incluya un sistema de mitigaci\u00f3n, como malla antigranizo, riego sub arb\u00f3reo y cortinas forestales, que tienden a proteger la producci\u00f3n. A trav\u00e9s de Mendoza Activa y el Fondo para la Transformaci\u00f3n y el Crecimiento hay l\u00edneas que priorizan y ayudan a implementar este tipo de medidas. Igualmente, el sistema de lucha antigranizo, desde el 15 de septiembre funciona a pleno, con cuatro aviones y la pirotecnia dispuesta para afrontar el a\u00f1o\u201d<\/strong><\/em>, concluy\u00f3 Eluani.<\/p>\n<p>El Intendente solicit\u00f3 que se eval\u00fae el adelantamiento del pago del seguro, para lo que van a ser clave las tasaciones y el nivel de da\u00f1o para determinar si la Provincia est\u00e1 en emergencia o si est\u00e1 en zona de desastre, en base al porcentaje de da\u00f1o efectivo, lo cual va a articular otras medidas.<em><strong> \u201cUno espera que haya un fortalecimiento de Naci\u00f3n en cuanto a recursos hacia la Provincia, por ello, ayer, el Subsecretario de Agricultura y Ganader\u00eda de Mendoza Sergio Moralejo estuvo en la Secretar\u00eda de Agricultura de la Naci\u00f3n\u201d<\/strong><\/em>.<\/p>\n<p>El Secretario Carlos Ponce afirm\u00f3 que el municipio va a trabajar en instrumentos que ayuden a implementar el riego para evitar heladas, sin embargo, ha habido deforestaci\u00f3n de cortinas, importante para contrarrestar heladas. Ambos son problemas para hacer una defensa activa.<\/p>\n<p><em><strong>\u201cLo m\u00e1s importante es hacer la denuncia de da\u00f1o por heladas, necesarias para poder visualizar a todos los productores. Toda persona inscripta en el Registro Permanente del Uso de la Tierra, RUT, va a poder acceder a compensaciones con Irrigaci\u00f3n, a subsidios de tarifas el\u00e9ctricas de perforaciones, diferimientos impositivos en ATM, diferimiento de pagos de cr\u00e9ditos tomados en los \u00faltimos tiempos con Mendoza Fiduciaria o el Fondo para la Transformaci\u00f3n y el Crecimiento\u201d<\/strong><\/em>, finaliz\u00f3 el funcionario municipal.<\/p>\n<p>&nbsp;<\/p>\n","protected":false},"excerpt":{"rendered":"<p>El Intendente Walther Marcolini junto al Director de Contingencias Clim\u00e1ticas de Mendoza Julio Eluani y al Secretario de Desarrollo y Promoci\u00f3n &#8230;<\/p>\n","protected":false},"author":7,"featured_media":115468,"comment_status":"open","ping_status":"open","sticky":false,"template":"","format":"standard","meta":{"footnotes":""},"categories":[1],"tags":[],"class_list":["post-115466","post","type-post","status-publish","format-standard","has-post-thumbnail","hentry","category-fmvinas"],"_links":{"self":[{"href":"https:\/\/vinasfm.com\/noticias\/wp-json\/wp\/v2\/posts\/115466","targetHints":{"allow":["GET"]}}],"collection":[{"href":"https:\/\/vinasfm.com\/noticias\/wp-json\/wp\/v2\/posts"}],"about":[{"href":"https:\/\/vinasfm.com\/noticias\/wp-json\/wp\/v2\/types\/post"}],"author":[{"embeddable":true,"href":"https:\/\/vinasfm.com\/noticias\/wp-json\/wp\/v2\/users\/7"}],"replies":[{"embeddable":true,"href":"https:\/\/vinasfm.com\/noticias\/wp-json\/wp\/v2\/comments?post=115466"}],"version-history":[{"count":1,"href":"https:\/\/vinasfm.com\/noticias\/wp-json\/wp\/v2\/posts\/115466\/revisions"}],"predecessor-version":[{"id":115470,"href":"https:\/\/vinasfm.com\/noticias\/wp-json\/wp\/v2\/posts\/115466\/revisions\/115470"}],"wp:featuredmedia":[{"embeddable":true,"href":"https:\/\/vinasfm.com\/noticias\/wp-json\/wp\/v2\/media\/115468"}],"wp:attachment":[{"href":"https:\/\/vinasfm.com\/noticias\/wp-json\/wp\/v2\/media?parent=115466"}],"wp:term":[{"taxonomy":"category","embeddable":true,"href":"https:\/\/vinasfm.com\/noticias\/wp-json\/wp\/v2\/categories?post=115466"},{"taxonomy":"post_tag","embeddable":true,"href":"https:\/\/vinasfm.com\/noticias\/wp-json\/wp\/v2\/tags?post=115466"}],"curies":[{"name":"wp","href":"https:\/\/api.w.org\/{rel}","templated":true}]}}