{"id":115390,"date":"2022-11-01T10:27:43","date_gmt":"2022-11-01T13:27:43","guid":{"rendered":"http:\/\/vinasfm.com\/noticias\/?p=115390"},"modified":"2022-11-03T08:21:57","modified_gmt":"2022-11-03T11:21:57","slug":"a-partir-de-hoy-rigen-las-multas-por-la-revision-tectica-obligatoria","status":"publish","type":"post","link":"https:\/\/vinasfm.com\/noticias\/a-partir-de-hoy-rigen-las-multas-por-la-revision-tectica-obligatoria\/","title":{"rendered":"A PARTIR DE HOY, RIGEN LAS MULTAS POR LA REVISI\u00d3N T\u00c9CTICA OBLIGATORIA"},"content":{"rendered":"<h4><strong>Hasta ayer lunes 31 de octubre se cumpli\u00f3 con la etapa de concientizaci\u00f3n tarea que los agentes viales desarrollaron durante 10 meses para que los conductores internalizaran la\u00a0obligatoriedad\u00a0de realizar la RTO a los veh\u00edculos con m\u00e1s de 3 a\u00f1os de antig\u00fcedad. Transcurrieron de\u00a0328 d\u00edas desde el s\u00e1bado 1 de enero cuando entr\u00f3 en vigencia la norma que respalda la medida.<\/strong><\/h4>\n<p>Lleg\u00f3 el d\u00eda de la aplicaci\u00f3n plena del sistema de la\u00a0<em><b>Revisi\u00f3n T\u00e9cnica Obligatoria (RTO)<\/b><\/em>\u00a0para todos los veh\u00edculos de\u00a0<em><b>Mendoza<\/b><\/em>. Polic\u00edas viales y preventores municipales de tr\u00e1nsito observar\u00e1n si en los parabrisas se encuentra la oblea que certifica la verificaci\u00f3n t\u00e9cnica y adem\u00e1s pedir\u00e1n la tarjeta azul que certifica la inspecci\u00f3n del veh\u00edculo es una motocicleta.<\/p>\n<p><a href=\"http:\/\/vinasfm.com\/noticias\/wp-content\/uploads\/2022\/11\/descarga-10.jpg\"><img loading=\"lazy\" decoding=\"async\" class=\"alignnone size-thumbnail wp-image-115391\" src=\"http:\/\/vinasfm.com\/noticias\/wp-content\/uploads\/2022\/11\/descarga-10-150x136.jpg\" alt=\"\" width=\"150\" height=\"136\" \/><\/a><\/p>\n<p>La fecha es central porque a partir de hoy martes 1 de noviembre se comenzar\u00e1 a multar a las personas que no hayan realizado el control t\u00e9cnico vehicular, y en caso de que no se tenga realizado el tr\u00e1mite se labrar\u00e1 la infracci\u00f3n, que en este caso aparece como una falta leve que actualmente\u00a0<em><b>tiene un costo de 3 mil pesos equivalente a 100 Unidades Fiscales.<\/b><\/em><\/p>\n<p><a href=\"http:\/\/vinasfm.com\/noticias\/wp-content\/uploads\/2021\/12\/1640017385128RTO-2.jpg\"><img loading=\"lazy\" decoding=\"async\" class=\"alignnone size-thumbnail wp-image-103628\" src=\"http:\/\/vinasfm.com\/noticias\/wp-content\/uploads\/2021\/12\/1640017385128RTO-2-150x150.jpg\" alt=\"\" width=\"150\" height=\"150\" srcset=\"https:\/\/vinasfm.com\/noticias\/wp-content\/uploads\/2021\/12\/1640017385128RTO-2-150x150.jpg 150w, https:\/\/vinasfm.com\/noticias\/wp-content\/uploads\/2021\/12\/1640017385128RTO-2-360x360.jpg 360w, https:\/\/vinasfm.com\/noticias\/wp-content\/uploads\/2021\/12\/1640017385128RTO-2-750x750.jpg 750w\" sizes=\"auto, (max-width: 150px) 100vw, 150px\" \/><\/a><\/p>\n<p>Hasta ayer lunes 31 de octubre se cumpli\u00f3 con la etapa de concientizaci\u00f3n tarea que los agentes viales desarrollaron durante 10 meses para que los conductores internalizaran la\u00a0<em><b>obligatoriedad<\/b><\/em>\u00a0de realizar la RTO a los veh\u00edculos con m\u00e1s de 3 a\u00f1os de antig\u00fcedad. Transcurrieron de\u00a0328 d\u00edas desde el s\u00e1bado 1 de enero cuando entr\u00f3 en vigencia la norma que respalda la medida.<\/p>\n<p>&nbsp;<\/p>\n","protected":false},"excerpt":{"rendered":"<p>Hasta ayer lunes 31 de octubre se cumpli\u00f3 con la etapa de concientizaci\u00f3n tarea que los agentes viales desarrollaron durante 10 &#8230;<\/p>\n","protected":false},"author":7,"featured_media":115392,"comment_status":"open","ping_status":"open","sticky":false,"template":"","format":"standard","meta":{"footnotes":""},"categories":[5,10],"tags":[],"class_list":["post-115390","post","type-post","status-publish","format-standard","has-post-thumbnail","hentry","category-actualidad","category-destacadas"],"_links":{"self":[{"href":"https:\/\/vinasfm.com\/noticias\/wp-json\/wp\/v2\/posts\/115390","targetHints":{"allow":["GET"]}}],"collection":[{"href":"https:\/\/vinasfm.com\/noticias\/wp-json\/wp\/v2\/posts"}],"about":[{"href":"https:\/\/vinasfm.com\/noticias\/wp-json\/wp\/v2\/types\/post"}],"author":[{"embeddable":true,"href":"https:\/\/vinasfm.com\/noticias\/wp-json\/wp\/v2\/users\/7"}],"replies":[{"embeddable":true,"href":"https:\/\/vinasfm.com\/noticias\/wp-json\/wp\/v2\/comments?post=115390"}],"version-history":[{"count":1,"href":"https:\/\/vinasfm.com\/noticias\/wp-json\/wp\/v2\/posts\/115390\/revisions"}],"predecessor-version":[{"id":115395,"href":"https:\/\/vinasfm.com\/noticias\/wp-json\/wp\/v2\/posts\/115390\/revisions\/115395"}],"wp:featuredmedia":[{"embeddable":true,"href":"https:\/\/vinasfm.com\/noticias\/wp-json\/wp\/v2\/media\/115392"}],"wp:attachment":[{"href":"https:\/\/vinasfm.com\/noticias\/wp-json\/wp\/v2\/media?parent=115390"}],"wp:term":[{"taxonomy":"category","embeddable":true,"href":"https:\/\/vinasfm.com\/noticias\/wp-json\/wp\/v2\/categories?post=115390"},{"taxonomy":"post_tag","embeddable":true,"href":"https:\/\/vinasfm.com\/noticias\/wp-json\/wp\/v2\/tags?post=115390"}],"curies":[{"name":"wp","href":"https:\/\/api.w.org\/{rel}","templated":true}]}}