{"id":115368,"date":"2022-11-01T09:17:39","date_gmt":"2022-11-01T12:17:39","guid":{"rendered":"http:\/\/vinasfm.com\/noticias\/?p=115368"},"modified":"2022-11-02T09:40:49","modified_gmt":"2022-11-02T12:40:49","slug":"ganaderia-otra-victima-de-la-sequia","status":"publish","type":"post","link":"https:\/\/vinasfm.com\/noticias\/ganaderia-otra-victima-de-la-sequia\/","title":{"rendered":"GANADER\u00cdA, OTRA VICTIMA DE LA SEQU\u00cdA"},"content":{"rendered":"<h4><strong>En F.M VI\u00d1AS, el Director de la Especifica de Ganader\u00eda reflexion\u00f3 sobre las afecciones de la sequ\u00eda y la falta de recursos fluviales.\u00a0<\/strong><\/h4>\n<p>La sequ\u00eda se ha prolongado en muchas zonas del departamento, <strong><em>&#8216;el Este tuvo un \u00edndice lluvia muy bajo lo cual lo ha vuelto dificultoso. Del lado Oeste de la provincia ha llegado un poquito m\u00e1s de agua&#8217;<\/em><\/strong> afirm\u00f3 Ramiro Labay. La situaci\u00f3n general de la provincia es muy cr\u00edtica.<\/p>\n<p>En esta temporada ya se ha podido evidenciar el grado de afecciones sobre la mortandad de animales, <strong><em>&#8216;estamos en \u00e9poca de parici\u00f3n, los animales no tiene fuerza y necesitan mucho requerimiento nutricional&#8217;<\/em><\/strong>, indic\u00f3 Labay y agreg\u00f3 <strong><em>&#8216;la calidad de los pastizales son muy malos y hay algunas campos que ya ni tienen&#8217;.\u00a0<\/em><\/strong><\/p>\n<p>En cuanto a obras p\u00fablicas, se contin\u00faa trabajando sobre los caminos rurales pero <strong><em>&#8216;las exigencias cada vez son mayores porque la sequ\u00eda agrava los problemas&#8217;.<\/em><\/strong> En las partes de greda los caminos se empiezan a romper, y <em><strong>&#8216;con la salida de los camiones que transportan a los animales en mal estado&#8217;<\/strong><\/em> se empeora la situaci\u00f3n. <strong><em>&#8216;Es un circulo vicioso&#8217;<\/em><\/strong> defini\u00f3.<\/p>\n<p>En la pasada edici\u00f3n de la Fiesta Nacional de la Ganader\u00eda, se consigui\u00f3 firmar un convenio de conformar fideicomiso exclusivo de caminos pero <strong><em>&#8216;hay que tener paciencia para que se puede concretar&#8217;.\u00a0<\/em><\/strong><\/p>\n<p><em><strong>&#8216;Cuando sube la carne todos sale a reclamar, pero cuando por un a\u00f1o viene bajando el precio de la hacienda nadie dice nada&#8217; <\/strong><\/em>apunt\u00f3 el Director de la Espec\u00edfica de Ganader\u00eda en relaci\u00f3n a la baja de valor de la hacienda,<strong><em> &#8216;esta parte del a\u00f1o ha perdido al redor del 40% de su valor&#8217;.\u00a0<\/em><\/strong><\/p>\n","protected":false},"excerpt":{"rendered":"<p>En F.M VI\u00d1AS, el Director de la Especifica de Ganader\u00eda reflexion\u00f3 sobre las afecciones de la sequ\u00eda y la falta de &#8230;<\/p>\n","protected":false},"author":7,"featured_media":115375,"comment_status":"open","ping_status":"open","sticky":false,"template":"","format":"standard","meta":{"footnotes":""},"categories":[5,10],"tags":[],"class_list":["post-115368","post","type-post","status-publish","format-standard","has-post-thumbnail","hentry","category-actualidad","category-destacadas"],"_links":{"self":[{"href":"https:\/\/vinasfm.com\/noticias\/wp-json\/wp\/v2\/posts\/115368","targetHints":{"allow":["GET"]}}],"collection":[{"href":"https:\/\/vinasfm.com\/noticias\/wp-json\/wp\/v2\/posts"}],"about":[{"href":"https:\/\/vinasfm.com\/noticias\/wp-json\/wp\/v2\/types\/post"}],"author":[{"embeddable":true,"href":"https:\/\/vinasfm.com\/noticias\/wp-json\/wp\/v2\/users\/7"}],"replies":[{"embeddable":true,"href":"https:\/\/vinasfm.com\/noticias\/wp-json\/wp\/v2\/comments?post=115368"}],"version-history":[{"count":2,"href":"https:\/\/vinasfm.com\/noticias\/wp-json\/wp\/v2\/posts\/115368\/revisions"}],"predecessor-version":[{"id":115401,"href":"https:\/\/vinasfm.com\/noticias\/wp-json\/wp\/v2\/posts\/115368\/revisions\/115401"}],"wp:featuredmedia":[{"embeddable":true,"href":"https:\/\/vinasfm.com\/noticias\/wp-json\/wp\/v2\/media\/115375"}],"wp:attachment":[{"href":"https:\/\/vinasfm.com\/noticias\/wp-json\/wp\/v2\/media?parent=115368"}],"wp:term":[{"taxonomy":"category","embeddable":true,"href":"https:\/\/vinasfm.com\/noticias\/wp-json\/wp\/v2\/categories?post=115368"},{"taxonomy":"post_tag","embeddable":true,"href":"https:\/\/vinasfm.com\/noticias\/wp-json\/wp\/v2\/tags?post=115368"}],"curies":[{"name":"wp","href":"https:\/\/api.w.org\/{rel}","templated":true}]}}