{"id":115334,"date":"2022-10-31T10:21:33","date_gmt":"2022-10-31T13:21:33","guid":{"rendered":"http:\/\/vinasfm.com\/noticias\/?p=115334"},"modified":"2022-11-01T08:36:15","modified_gmt":"2022-11-01T11:36:15","slug":"personal-de-cecsagal-trabajo-todo-el-fin-de-semana-para-reparar-danos-ocasionados-por-el-viento","status":"publish","type":"post","link":"https:\/\/vinasfm.com\/noticias\/personal-de-cecsagal-trabajo-todo-el-fin-de-semana-para-reparar-danos-ocasionados-por-el-viento\/","title":{"rendered":"PERSONAL DE CECSAGAL TRABAJ\u00d3 TODO EL FIN DE SEMANA PARA REPARAR DA\u00d1OS OCASIONADOS POR EL VIENTO"},"content":{"rendered":"<h4><strong>Casi 24 horas de intenso viento tuvieron a maltraer a todo el departamento. Parte del tendido el\u00e9ctrico result\u00f3 afectado, pero como es habitual, personal de la \u00a0Cooperativa reaccion\u00f3 con celeridad.<\/strong><\/h4>\n<p><a href=\"http:\/\/vinasfm.com\/noticias\/wp-content\/uploads\/2022\/10\/cecsagal_tormenta_viento02.jpg\"><img loading=\"lazy\" decoding=\"async\" class=\"alignnone size-thumbnail wp-image-115336\" src=\"http:\/\/vinasfm.com\/noticias\/wp-content\/uploads\/2022\/10\/cecsagal_tormenta_viento02-150x150.jpg\" alt=\"\" width=\"150\" height=\"150\" srcset=\"https:\/\/vinasfm.com\/noticias\/wp-content\/uploads\/2022\/10\/cecsagal_tormenta_viento02-150x150.jpg 150w, https:\/\/vinasfm.com\/noticias\/wp-content\/uploads\/2022\/10\/cecsagal_tormenta_viento02-360x360.jpg 360w\" sizes=\"auto, (max-width: 150px) 100vw, 150px\" \/><\/a> <a href=\"http:\/\/vinasfm.com\/noticias\/wp-content\/uploads\/2022\/10\/cecsagal_tormenta_viento04.jpg\"><img loading=\"lazy\" decoding=\"async\" class=\"alignnone size-thumbnail wp-image-115337\" src=\"http:\/\/vinasfm.com\/noticias\/wp-content\/uploads\/2022\/10\/cecsagal_tormenta_viento04-150x150.jpg\" alt=\"\" width=\"150\" height=\"150\" srcset=\"https:\/\/vinasfm.com\/noticias\/wp-content\/uploads\/2022\/10\/cecsagal_tormenta_viento04-150x150.jpg 150w, https:\/\/vinasfm.com\/noticias\/wp-content\/uploads\/2022\/10\/cecsagal_tormenta_viento04-360x360.jpg 360w, https:\/\/vinasfm.com\/noticias\/wp-content\/uploads\/2022\/10\/cecsagal_tormenta_viento04-750x750.jpg 750w\" sizes=\"auto, (max-width: 150px) 100vw, 150px\" \/><\/a> <a href=\"http:\/\/vinasfm.com\/noticias\/wp-content\/uploads\/2022\/10\/cecsagal_tormenta_viento01.jpg\"><img loading=\"lazy\" decoding=\"async\" class=\"alignnone size-thumbnail wp-image-115338\" src=\"http:\/\/vinasfm.com\/noticias\/wp-content\/uploads\/2022\/10\/cecsagal_tormenta_viento01-150x150.jpg\" alt=\"\" width=\"150\" height=\"150\" srcset=\"https:\/\/vinasfm.com\/noticias\/wp-content\/uploads\/2022\/10\/cecsagal_tormenta_viento01-150x150.jpg 150w, https:\/\/vinasfm.com\/noticias\/wp-content\/uploads\/2022\/10\/cecsagal_tormenta_viento01-360x360.jpg 360w\" sizes=\"auto, (max-width: 150px) 100vw, 150px\" \/><\/a><\/p>\n<p>Tal como estaba previsto, una fuerte tormenta que alcanzar\u00eda r\u00e1fagas de hasta 90 kil\u00f3metros por hora lleg\u00f3 a nuestra regi\u00f3n, generando da\u00f1os en viviendas, en el arbolado p\u00fablico y tambi\u00e9n en las redes de tendido el\u00e9ctrico.<br \/>\nLas primeras r\u00e1fagas fuertes llegaron pasadas las 23:00 horas del s\u00e1bado y el primer da\u00f1o importante en el Servicio el\u00e9ctrico fue el ocasionado en el alimentador del Barrio \u00abPellegrini\u00bb, que abastece al sector Este de la ciudad.<em><strong> &#8216;Despu\u00e9s sali\u00f3 de funcionamiento la l\u00ednea de 132 Kw, afectada por el viento, sumado a fusibles quemados, columnas quebradas, ca\u00edda de postes, y de ramas y \u00e1rboles sobre las l\u00edneas&#8217;<\/strong><\/em>, sostuvo el Ingeniero Mauricio Iboldi, Jefe del \u00e1rea t\u00e9cnica de la Cooperativa El\u00e9ctrica Cecsagal.<br \/>\n<strong><em>&#8216;Se recibieron reclamos durante toda la noche y muy temprano, con las primeras horas de sol del domingo, convocamos a todo el personal de mantenimiento y al equipo de poda, con los que estuvimos trabajando hasta que lleg\u00f3 la noche. Se solucionaron pr\u00e1cticamente todos los problemas, aunque se contin\u00faa trabajando en las zonas que no se pudo ayer&#8217;<\/em><\/strong>, sostuvo.<br \/>\nEn cuanto a c\u00f3mo se act\u00faa no s\u00f3lo durante y despu\u00e9s de la tormenta, sino tambi\u00e9n previamente, Iboldi se\u00f1al\u00f3: <strong><em>&#8216;Desde la Cooperativa siempre se trabaja para prevenir estos destrozos, por un lado con mantenimiento, con obras nuevas, cambiando conductores, reemplazando postes que est\u00e9n en mal estado y con la poda, y por otro, manteniendo alerta al personal para que ante un inconveniente como el de este fin de semana, puedan concurrir r\u00e1pidamente a la Cooperativa&#8217;.<\/em><\/strong><br \/>\nEl trabajo eficiente de Personal de Guardia facilit\u00f3 las tareas. Para avisos y reclamos, los usuarios deben comunicarse con la misma, al 0800 266 4239.<\/p>\n","protected":false},"excerpt":{"rendered":"<p>Casi 24 horas de intenso viento tuvieron a maltraer a todo el departamento. Parte del tendido el\u00e9ctrico result\u00f3 afectado, pero como &#8230;<\/p>\n","protected":false},"author":7,"featured_media":115335,"comment_status":"open","ping_status":"open","sticky":false,"template":"","format":"standard","meta":{"footnotes":""},"categories":[5,60],"tags":[],"class_list":["post-115334","post","type-post","status-publish","format-standard","has-post-thumbnail","hentry","category-actualidad","category-cecsagal"],"_links":{"self":[{"href":"https:\/\/vinasfm.com\/noticias\/wp-json\/wp\/v2\/posts\/115334","targetHints":{"allow":["GET"]}}],"collection":[{"href":"https:\/\/vinasfm.com\/noticias\/wp-json\/wp\/v2\/posts"}],"about":[{"href":"https:\/\/vinasfm.com\/noticias\/wp-json\/wp\/v2\/types\/post"}],"author":[{"embeddable":true,"href":"https:\/\/vinasfm.com\/noticias\/wp-json\/wp\/v2\/users\/7"}],"replies":[{"embeddable":true,"href":"https:\/\/vinasfm.com\/noticias\/wp-json\/wp\/v2\/comments?post=115334"}],"version-history":[{"count":1,"href":"https:\/\/vinasfm.com\/noticias\/wp-json\/wp\/v2\/posts\/115334\/revisions"}],"predecessor-version":[{"id":115339,"href":"https:\/\/vinasfm.com\/noticias\/wp-json\/wp\/v2\/posts\/115334\/revisions\/115339"}],"wp:featuredmedia":[{"embeddable":true,"href":"https:\/\/vinasfm.com\/noticias\/wp-json\/wp\/v2\/media\/115335"}],"wp:attachment":[{"href":"https:\/\/vinasfm.com\/noticias\/wp-json\/wp\/v2\/media?parent=115334"}],"wp:term":[{"taxonomy":"category","embeddable":true,"href":"https:\/\/vinasfm.com\/noticias\/wp-json\/wp\/v2\/categories?post=115334"},{"taxonomy":"post_tag","embeddable":true,"href":"https:\/\/vinasfm.com\/noticias\/wp-json\/wp\/v2\/tags?post=115334"}],"curies":[{"name":"wp","href":"https:\/\/api.w.org\/{rel}","templated":true}]}}