{"id":115319,"date":"2022-10-31T09:12:37","date_gmt":"2022-10-31T12:12:37","guid":{"rendered":"http:\/\/vinasfm.com\/noticias\/?p=115319"},"modified":"2022-10-31T09:12:37","modified_gmt":"2022-10-31T12:12:37","slug":"la-obra-del-kilometro-0-traera-beneficios-al-desarollo-del-departamento","status":"publish","type":"post","link":"https:\/\/vinasfm.com\/noticias\/la-obra-del-kilometro-0-traera-beneficios-al-desarollo-del-departamento\/","title":{"rendered":"LA OBRA DEL KIL\u00d3METRO 0 TRAER\u00c1 BENEFICIOS AL DESAROLLO DEL DEPARTAMENTO"},"content":{"rendered":"<h4><strong>En dialogo con F.M VI\u00d1AS, el secretario de Desarrollo y Promoci\u00f3n Departamental destac\u00f3 el trabajo que se realiza en el sector de la econom\u00eda social.<\/strong><\/h4>\n<p><em><strong>&#8216;Desde la gesti\u00f3n arrancamos fuertemente con la puesta en valor de la econom\u00eda social empezando con la modificaci\u00f3n del Mercado Municipal, ahora vamos por el Kilometro 0&#8217;<\/strong><\/em> remarc\u00f3 Carlos Ponce y agreg\u00f3 <em><strong>&#8216;desde el punto de vista socioecon\u00f3mico tiene una implicancia super importante porque est\u00e1 en el \u00ababrazo de caminos\u00bb que une a dos rutas importantes&#8217;.<\/strong><\/em><\/p>\n<p>El nuevo Paseo del Artesano, contar\u00e1 con 21 puestos no fijos que brindar\u00e1n la posibilidad de trabajar como un mercado a cielo abierto. <strong><em>&#8216;Cuanto Walther (Intendente departamental) compr\u00f3 el proyecto y logr\u00f3 meterlo en agenda, se dio cuenta que hab\u00eda que apuntar fuertemente en esto&#8217;<\/em><\/strong> indic\u00f3. La fecha pactada para la finalizaci\u00f3n de la obra es el 1 de abril, <strong><em>&#8216;va a embellecer y ordenar el acceso al centro departamental&#8217;.\u00a0<\/em><\/strong><\/p>\n<p><strong><em>&#8216;En la gesti\u00f3n p\u00fablica prefiero que los proyectos est\u00e9n avanzados para anunciarlos, porque tiene una cuesti\u00f3n burocr\u00e1tica que hace la seguridad de los servicios p\u00fablicos&#8217; <\/em><\/strong>concluy\u00f3 Ponce.<\/p>\n","protected":false},"excerpt":{"rendered":"<p>En dialogo con F.M VI\u00d1AS, el secretario de Desarrollo y Promoci\u00f3n Departamental destac\u00f3 el trabajo que se realiza en el sector &#8230;<\/p>\n","protected":false},"author":7,"featured_media":48234,"comment_status":"open","ping_status":"open","sticky":false,"template":"","format":"standard","meta":{"footnotes":""},"categories":[5,29],"tags":[],"class_list":["post-115319","post","type-post","status-publish","format-standard","has-post-thumbnail","hentry","category-actualidad","category-obras-y-servicios"],"_links":{"self":[{"href":"https:\/\/vinasfm.com\/noticias\/wp-json\/wp\/v2\/posts\/115319","targetHints":{"allow":["GET"]}}],"collection":[{"href":"https:\/\/vinasfm.com\/noticias\/wp-json\/wp\/v2\/posts"}],"about":[{"href":"https:\/\/vinasfm.com\/noticias\/wp-json\/wp\/v2\/types\/post"}],"author":[{"embeddable":true,"href":"https:\/\/vinasfm.com\/noticias\/wp-json\/wp\/v2\/users\/7"}],"replies":[{"embeddable":true,"href":"https:\/\/vinasfm.com\/noticias\/wp-json\/wp\/v2\/comments?post=115319"}],"version-history":[{"count":2,"href":"https:\/\/vinasfm.com\/noticias\/wp-json\/wp\/v2\/posts\/115319\/revisions"}],"predecessor-version":[{"id":115328,"href":"https:\/\/vinasfm.com\/noticias\/wp-json\/wp\/v2\/posts\/115319\/revisions\/115328"}],"wp:featuredmedia":[{"embeddable":true,"href":"https:\/\/vinasfm.com\/noticias\/wp-json\/wp\/v2\/media\/48234"}],"wp:attachment":[{"href":"https:\/\/vinasfm.com\/noticias\/wp-json\/wp\/v2\/media?parent=115319"}],"wp:term":[{"taxonomy":"category","embeddable":true,"href":"https:\/\/vinasfm.com\/noticias\/wp-json\/wp\/v2\/categories?post=115319"},{"taxonomy":"post_tag","embeddable":true,"href":"https:\/\/vinasfm.com\/noticias\/wp-json\/wp\/v2\/tags?post=115319"}],"curies":[{"name":"wp","href":"https:\/\/api.w.org\/{rel}","templated":true}]}}