{"id":115308,"date":"2022-10-31T00:11:04","date_gmt":"2022-10-31T03:11:04","guid":{"rendered":"http:\/\/vinasfm.com\/noticias\/?p=115308"},"modified":"2022-11-02T08:08:47","modified_gmt":"2022-11-02T11:08:47","slug":"finalizo-una-nueva-etapa-de-poda-para-el-arbolado-publico","status":"publish","type":"post","link":"https:\/\/vinasfm.com\/noticias\/finalizo-una-nueva-etapa-de-poda-para-el-arbolado-publico\/","title":{"rendered":"FINALIZ\u00d3 UNA NUEVA ETAPA DE PODA PARA EL ARBOLADO P\u00daBLICO"},"content":{"rendered":"<h4><strong>Bruno Gil estuvo presente en el encuentro de todos los s\u00e1bados \u00abPuntos de Vista\u00bb donde habl\u00f3 acerca de la cura del arbolado y\u00a0 de la poda de este mismo<\/strong><\/h4>\n<p>En primer lugar destac\u00f3: <em><strong>&#8216;Terminamos con una temporada de poda, la verdad que ha funcionado muy bien, el arbolado p\u00fablico se viene portando medianamente bien hemos tenido pocos incidentes, seguimos haciendo poda nocturna para la iluminaci\u00f3n, pero en lo que es contingencia clim\u00e1tica viene siendo positivo todo, la poda nocturna nos demor\u00f3 un tiempo y tambi\u00e9n obtuvimos alguna que otra queja&#8217;<\/strong><\/em><\/p>\n<p>Desde ese punto parti\u00f3 para hablar acerca de la cura del arbolado: <em><strong>&#8216;En la cura hemos comenzado por algunos inconvenientes como lo fue la lluvia, demoramos un poco, pero comenzamos el martes y ya tenemos la primera zona lista, la pr\u00f3xima semana comenzaremos con el Barrio San Carlos&#8217;<\/strong><\/em><\/p>\n<p>Asimismo a\u00f1adi\u00f3 informaci\u00f3n sobre los quimos que se utilzan para dicha actividad: <em><strong>&#8216;Este tipo de producto que son utilizados para la cura son de clase 4 tiene un poder de impacto alto pero en pocos minutos deja de tener efecto, no obstante le pedimos a la gente que al menos por 48 horas no los toque, pedimos precauci\u00f3n&#8217;<\/strong><\/em><\/p>\n","protected":false},"excerpt":{"rendered":"<p>Bruno Gil estuvo presente en el encuentro de todos los s\u00e1bados \u00abPuntos de Vista\u00bb donde habl\u00f3 acerca de la cura del &#8230;<\/p>\n","protected":false},"author":7,"featured_media":15432,"comment_status":"open","ping_status":"open","sticky":false,"template":"","format":"standard","meta":{"footnotes":""},"categories":[5,10],"tags":[],"class_list":["post-115308","post","type-post","status-publish","format-standard","has-post-thumbnail","hentry","category-actualidad","category-destacadas"],"_links":{"self":[{"href":"https:\/\/vinasfm.com\/noticias\/wp-json\/wp\/v2\/posts\/115308","targetHints":{"allow":["GET"]}}],"collection":[{"href":"https:\/\/vinasfm.com\/noticias\/wp-json\/wp\/v2\/posts"}],"about":[{"href":"https:\/\/vinasfm.com\/noticias\/wp-json\/wp\/v2\/types\/post"}],"author":[{"embeddable":true,"href":"https:\/\/vinasfm.com\/noticias\/wp-json\/wp\/v2\/users\/7"}],"replies":[{"embeddable":true,"href":"https:\/\/vinasfm.com\/noticias\/wp-json\/wp\/v2\/comments?post=115308"}],"version-history":[{"count":2,"href":"https:\/\/vinasfm.com\/noticias\/wp-json\/wp\/v2\/posts\/115308\/revisions"}],"predecessor-version":[{"id":115321,"href":"https:\/\/vinasfm.com\/noticias\/wp-json\/wp\/v2\/posts\/115308\/revisions\/115321"}],"wp:featuredmedia":[{"embeddable":true,"href":"https:\/\/vinasfm.com\/noticias\/wp-json\/wp\/v2\/media\/15432"}],"wp:attachment":[{"href":"https:\/\/vinasfm.com\/noticias\/wp-json\/wp\/v2\/media?parent=115308"}],"wp:term":[{"taxonomy":"category","embeddable":true,"href":"https:\/\/vinasfm.com\/noticias\/wp-json\/wp\/v2\/categories?post=115308"},{"taxonomy":"post_tag","embeddable":true,"href":"https:\/\/vinasfm.com\/noticias\/wp-json\/wp\/v2\/tags?post=115308"}],"curies":[{"name":"wp","href":"https:\/\/api.w.org\/{rel}","templated":true}]}}