{"id":115294,"date":"2022-10-31T00:12:57","date_gmt":"2022-10-31T03:12:57","guid":{"rendered":"http:\/\/vinasfm.com\/noticias\/?p=115294"},"modified":"2022-11-01T09:19:28","modified_gmt":"2022-11-01T12:19:28","slug":"estas-fueron-todas-las-medallas-obtenidas-en-los-juegos-evita-2022","status":"publish","type":"post","link":"https:\/\/vinasfm.com\/noticias\/estas-fueron-todas-las-medallas-obtenidas-en-los-juegos-evita-2022\/","title":{"rendered":"ESTAS FUERON TODAS LAS MEDALLAS OBTENIDAS EN LOS JUEGOS EVITA 2022"},"content":{"rendered":"<div class=\"wWOJcd\" tabindex=\"0\" role=\"button\" aria-controls=\"exacc_ASBfY-ypJO-j1sQPjKYx_3\" aria-expanded=\"true\" aria-labelledby=\"exacc_ASBfY-ypJO-j1sQPjKYx_1\">\n<h4 class=\"r21Kzd\" data-hveid=\"CBQQAQ\" data-ved=\"2ahUKEwisroHxo4n7AhXvkZUCHQxTDAAQuk56BAgUEAE\"><strong>El encuentro que reuni\u00f3 a las categor\u00edas de Deporte y Cultura se disput\u00f3 en Mar del Plata del 24 al 29 de octubre, con la presencia de m\u00e1s de 25.000 chicos y chicas de todo el pa\u00eds<\/strong><\/h4>\n<p>Medalla de oro<\/p>\n<p>Basquet Femenino U17<\/p>\n<p><a href=\"http:\/\/vinasfm.com\/noticias\/wp-content\/uploads\/2022\/10\/312974161_198829592514723_1754822180093931877_n.jpg\"><img loading=\"lazy\" decoding=\"async\" class=\"wp-image-115298 aligncenter\" src=\"http:\/\/vinasfm.com\/noticias\/wp-content\/uploads\/2022\/10\/312974161_198829592514723_1754822180093931877_n-150x150.jpg\" alt=\"\" width=\"390\" height=\"390\" srcset=\"https:\/\/vinasfm.com\/noticias\/wp-content\/uploads\/2022\/10\/312974161_198829592514723_1754822180093931877_n-150x150.jpg 150w, https:\/\/vinasfm.com\/noticias\/wp-content\/uploads\/2022\/10\/312974161_198829592514723_1754822180093931877_n-300x300.jpg 300w, https:\/\/vinasfm.com\/noticias\/wp-content\/uploads\/2022\/10\/312974161_198829592514723_1754822180093931877_n-360x360.jpg 360w, https:\/\/vinasfm.com\/noticias\/wp-content\/uploads\/2022\/10\/312974161_198829592514723_1754822180093931877_n.jpg 640w\" sizes=\"auto, (max-width: 390px) 100vw, 390px\" \/><\/a><\/p>\n<p>&nbsp;<\/p>\n<p>Medalla Oro y Bronce- Jos\u00e9 Molina- Atletismo Adaptado<\/p>\n<p><a href=\"http:\/\/vinasfm.com\/noticias\/wp-content\/uploads\/2022\/10\/312952411_873098404119825_7229657333642698008_n.jpg\"><img loading=\"lazy\" decoding=\"async\" class=\" wp-image-115297 aligncenter\" src=\"http:\/\/vinasfm.com\/noticias\/wp-content\/uploads\/2022\/10\/312952411_873098404119825_7229657333642698008_n-150x150.jpg\" alt=\"\" width=\"398\" height=\"398\" srcset=\"https:\/\/vinasfm.com\/noticias\/wp-content\/uploads\/2022\/10\/312952411_873098404119825_7229657333642698008_n-150x150.jpg 150w, https:\/\/vinasfm.com\/noticias\/wp-content\/uploads\/2022\/10\/312952411_873098404119825_7229657333642698008_n-360x360.jpg 360w\" sizes=\"auto, (max-width: 398px) 100vw, 398px\" \/><\/a><\/p>\n<p>&nbsp;<\/p>\n<p>&nbsp;<\/p>\n<p>Medalla de Plata- Brian Natanael Ortiz Paz &#8211; 80mts Silla Sub 14, Atletismo Adaptado.<\/p>\n<p><a href=\"http:\/\/vinasfm.com\/noticias\/wp-content\/uploads\/2022\/10\/312909580_1755406358137930_6131289185518530106_n.jpg\"><img loading=\"lazy\" decoding=\"async\" class=\" wp-image-115295 aligncenter\" src=\"http:\/\/vinasfm.com\/noticias\/wp-content\/uploads\/2022\/10\/312909580_1755406358137930_6131289185518530106_n-150x150.jpg\" alt=\"\" width=\"411\" height=\"411\" srcset=\"https:\/\/vinasfm.com\/noticias\/wp-content\/uploads\/2022\/10\/312909580_1755406358137930_6131289185518530106_n-150x150.jpg 150w, https:\/\/vinasfm.com\/noticias\/wp-content\/uploads\/2022\/10\/312909580_1755406358137930_6131289185518530106_n-360x360.jpg 360w\" sizes=\"auto, (max-width: 411px) 100vw, 411px\" \/><\/a><\/p>\n<p>&nbsp;<\/p>\n<p>Medalla de Bronce- Chiara Barroso Molle- 80 m llanos Sub 16- Atletismo Adaptado<\/p>\n<p><a href=\"http:\/\/vinasfm.com\/noticias\/wp-content\/uploads\/2022\/10\/312920640_615922580262455_2478218830291522562_n.jpg\"><img loading=\"lazy\" decoding=\"async\" class=\" wp-image-115296 aligncenter\" src=\"http:\/\/vinasfm.com\/noticias\/wp-content\/uploads\/2022\/10\/312920640_615922580262455_2478218830291522562_n-150x150.jpg\" alt=\"\" width=\"423\" height=\"423\" srcset=\"https:\/\/vinasfm.com\/noticias\/wp-content\/uploads\/2022\/10\/312920640_615922580262455_2478218830291522562_n-150x150.jpg 150w, https:\/\/vinasfm.com\/noticias\/wp-content\/uploads\/2022\/10\/312920640_615922580262455_2478218830291522562_n-360x360.jpg 360w\" sizes=\"auto, (max-width: 423px) 100vw, 423px\" \/><\/a><\/p>\n<\/div>\n","protected":false},"excerpt":{"rendered":"<p>El encuentro que reuni\u00f3 a las categor\u00edas de Deporte y Cultura se disput\u00f3 en Mar del Plata del 24 al 29 &#8230;<\/p>\n","protected":false},"author":7,"featured_media":115299,"comment_status":"open","ping_status":"open","sticky":false,"template":"","format":"standard","meta":{"footnotes":""},"categories":[5,3],"tags":[],"class_list":["post-115294","post","type-post","status-publish","format-standard","has-post-thumbnail","hentry","category-actualidad","category-deportes"],"_links":{"self":[{"href":"https:\/\/vinasfm.com\/noticias\/wp-json\/wp\/v2\/posts\/115294","targetHints":{"allow":["GET"]}}],"collection":[{"href":"https:\/\/vinasfm.com\/noticias\/wp-json\/wp\/v2\/posts"}],"about":[{"href":"https:\/\/vinasfm.com\/noticias\/wp-json\/wp\/v2\/types\/post"}],"author":[{"embeddable":true,"href":"https:\/\/vinasfm.com\/noticias\/wp-json\/wp\/v2\/users\/7"}],"replies":[{"embeddable":true,"href":"https:\/\/vinasfm.com\/noticias\/wp-json\/wp\/v2\/comments?post=115294"}],"version-history":[{"count":2,"href":"https:\/\/vinasfm.com\/noticias\/wp-json\/wp\/v2\/posts\/115294\/revisions"}],"predecessor-version":[{"id":115333,"href":"https:\/\/vinasfm.com\/noticias\/wp-json\/wp\/v2\/posts\/115294\/revisions\/115333"}],"wp:featuredmedia":[{"embeddable":true,"href":"https:\/\/vinasfm.com\/noticias\/wp-json\/wp\/v2\/media\/115299"}],"wp:attachment":[{"href":"https:\/\/vinasfm.com\/noticias\/wp-json\/wp\/v2\/media?parent=115294"}],"wp:term":[{"taxonomy":"category","embeddable":true,"href":"https:\/\/vinasfm.com\/noticias\/wp-json\/wp\/v2\/categories?post=115294"},{"taxonomy":"post_tag","embeddable":true,"href":"https:\/\/vinasfm.com\/noticias\/wp-json\/wp\/v2\/tags?post=115294"}],"curies":[{"name":"wp","href":"https:\/\/api.w.org\/{rel}","templated":true}]}}