{"id":115291,"date":"2022-10-31T00:12:45","date_gmt":"2022-10-31T03:12:45","guid":{"rendered":"http:\/\/vinasfm.com\/noticias\/?p=115291"},"modified":"2022-11-01T08:17:03","modified_gmt":"2022-11-01T11:17:03","slug":"vialidad-mendoza-quito-18-arboles-caidos-en-san-rafael-y-general-alvear-derribados-por-el-fuerte-viento-de-la-madrugada","status":"publish","type":"post","link":"https:\/\/vinasfm.com\/noticias\/vialidad-mendoza-quito-18-arboles-caidos-en-san-rafael-y-general-alvear-derribados-por-el-fuerte-viento-de-la-madrugada\/","title":{"rendered":"VIALIDAD MENDOZA QUIT\u00d3 18 \u00c1RBOLES CA\u00cdDOS EN SAN RAFAEL Y GENERAL ALVEAR DERRIBADOS POR EL FUERTE VIENTO DE LA MADRUGADA"},"content":{"rendered":"<h4>Una docena de calles y rutas fueron normalizadas luego de los trabajos de la DPV<\/h4>\n<p>Dieciocho \u00e1rboles ca\u00eddos, la mayor\u00eda ejemplares de gran tama\u00f1o, fueron despejados por Vialidad Mendoza de distintas rutas y caminos de San Rafael en casi todo los casos y un par de plantas en General Alvear, luego de que fueran derribados por las fuert\u00edsimas r\u00e1fagas de viento que azotaron el Sur provincial durante la madrugada del domingo.<\/p>\n<p>La violencia con que ingres\u00f3 el frente ant\u00e1rtico por la noche, dej\u00f3 un panorama complicado que oblig\u00f3 a la intervenci\u00f3n de m\u00e1quinas y hombres de la Direcci\u00f3n Provincial de Vialidad, que ya a las 5 de la madrugada comenzaron a trabajar en distintos puntos de San Rafael para liberar los<br \/>\ncaminos que hab\u00edan quedado parcialmente cortados por los derribos.<\/p>\n<p>As\u00ed, los operarios de la DPV debieron intervenir en Colonia Espa\u00f1ola, sobre la ruta 154, en Colonia Elena, en calles Las V\u00edrgenes, el Toledano y el Cha\u00f1aral, y en los distritos de Villa Atuel y Real del Padre sobre las calles La Izuelina, La Guevarina, Apague, Renteria, Biritos, Goyenechea, Consorcio Izuel, Cobos, R. Arizu, todo esto San Rafael.<\/p>\n<p>En General Alvear se intervino en el derribo de dos \u00e1rboles en calle Centenario, mientras en Malarg\u00fce no hubo ca\u00eddas detectadas sobre los caminos que obligaran a intervenciones de despeje.<\/p>\n<p>La fuerza del viento no perdon\u00f3 ni tama\u00f1os ni especies. Las r\u00e1fagas tumbaron \u00e1lamos, sauces, olmos y pimientos, entre otros. En muchos casos, las intervenciones fueron en conjunto con otros organismos del Estado para poder ejecutar las tareas m\u00e1s r\u00e1pidamente o colaborar con equipamiento a ra\u00edz de los efectos del temporal.<\/p>\n<p>&nbsp;<\/p>\n","protected":false},"excerpt":{"rendered":"<p>Una docena de calles y rutas fueron normalizadas luego de los trabajos de la DPV Dieciocho \u00e1rboles ca\u00eddos, la mayor\u00eda ejemplares &#8230;<\/p>\n","protected":false},"author":7,"featured_media":115292,"comment_status":"open","ping_status":"open","sticky":false,"template":"","format":"standard","meta":{"footnotes":""},"categories":[5,79],"tags":[],"class_list":["post-115291","post","type-post","status-publish","format-standard","has-post-thumbnail","hentry","category-actualidad","category-vialidad"],"_links":{"self":[{"href":"https:\/\/vinasfm.com\/noticias\/wp-json\/wp\/v2\/posts\/115291","targetHints":{"allow":["GET"]}}],"collection":[{"href":"https:\/\/vinasfm.com\/noticias\/wp-json\/wp\/v2\/posts"}],"about":[{"href":"https:\/\/vinasfm.com\/noticias\/wp-json\/wp\/v2\/types\/post"}],"author":[{"embeddable":true,"href":"https:\/\/vinasfm.com\/noticias\/wp-json\/wp\/v2\/users\/7"}],"replies":[{"embeddable":true,"href":"https:\/\/vinasfm.com\/noticias\/wp-json\/wp\/v2\/comments?post=115291"}],"version-history":[{"count":1,"href":"https:\/\/vinasfm.com\/noticias\/wp-json\/wp\/v2\/posts\/115291\/revisions"}],"predecessor-version":[{"id":115293,"href":"https:\/\/vinasfm.com\/noticias\/wp-json\/wp\/v2\/posts\/115291\/revisions\/115293"}],"wp:featuredmedia":[{"embeddable":true,"href":"https:\/\/vinasfm.com\/noticias\/wp-json\/wp\/v2\/media\/115292"}],"wp:attachment":[{"href":"https:\/\/vinasfm.com\/noticias\/wp-json\/wp\/v2\/media?parent=115291"}],"wp:term":[{"taxonomy":"category","embeddable":true,"href":"https:\/\/vinasfm.com\/noticias\/wp-json\/wp\/v2\/categories?post=115291"},{"taxonomy":"post_tag","embeddable":true,"href":"https:\/\/vinasfm.com\/noticias\/wp-json\/wp\/v2\/tags?post=115291"}],"curies":[{"name":"wp","href":"https:\/\/api.w.org\/{rel}","templated":true}]}}