{"id":115284,"date":"2022-10-29T09:32:45","date_gmt":"2022-10-29T12:32:45","guid":{"rendered":"http:\/\/vinasfm.com\/noticias\/?p=115284"},"modified":"2022-10-31T09:14:12","modified_gmt":"2022-10-31T12:14:12","slug":"ingreso-a-diputados-el-programa-mendoza-activa-eficiencia","status":"publish","type":"post","link":"https:\/\/vinasfm.com\/noticias\/ingreso-a-diputados-el-programa-mendoza-activa-eficiencia\/","title":{"rendered":"INGRES\u00d3 A DIPUTADOS EL PROGRAMA MENDOZA ACTIVA EFICIENCIA"},"content":{"rendered":"<h4><strong>Tiene como objeto el est\u00edmulo y la promoci\u00f3n de aquellas inversiones que tengan como destino la utilizaci\u00f3n de recursos naturales y su optimizaci\u00f3n, la generaci\u00f3n de empleo, que fomenten el cupo femenino y se utilicen equipos de origen mendocino.<\/strong><\/h4>\n<p>El Poder Ejecutivo remiti\u00f3 a la C\u00e1mara de Diputados el proyecto por el cual se crea el Programa Mendoza Activa Eficiencia, que busca ayudar al <strong><em>&#8216;crecimiento y desarrollo econ\u00f3mico, acompa\u00f1ando la inversi\u00f3n privada, mejorando la competitividad y dinamizando el esfuerzo en conjunto entre la Provincia y los Municipios&#8217;.<\/em><\/strong><\/p>\n<p>Se propone adem\u00e1s con esta nueva edici\u00f3n de Mendoza Activa, estimular <strong><em>&#8216;a las inversiones que tengan como destino la generaci\u00f3n de empleo y la producci\u00f3n y comercializaci\u00f3n de productos y servicios locales en el territorio provincial&#8217;.<\/em><\/strong><\/p>\n<p>Seg\u00fan dispone el articulado, ser\u00e1 creado en el \u00e1mbito del Ministerio de Econom\u00eda con el objeto de <strong><em>&#8216;acelerar la reactivaci\u00f3n de las actividades econ\u00f3micas&#8217;<\/em> <\/strong>que se relacionen con eficiencia energ\u00e9tica, eficiencia de riego y eficiencia h\u00eddrica, y aquellas actividades de sectores relacionados, <em><strong>&#8216;priorizando los fondos de una manera equitativa en cada uno de los oasis provinciales, teniendo en cuenta para ello la cantidad de habitantes y las necesidades socioecon\u00f3mica de los departamentos&#8217;.<\/strong> <\/em>Para ello se autoriza al Poder Ejecutivo a invertir la suma de 9.500 millones de pesos<\/p>\n<p>Este Programa reintegrar\u00e1 a los beneficiarios, el 40% de la inversi\u00f3n realizada, neta de IVA, a trav\u00e9s de dinero en efectivo, tarjeta de consumo o billetera electr\u00f3nica, y cr\u00e9dito fiscal, en relaci\u00f3n a las siguientes actividades: eficiencia energ\u00e9tica; ciencia y tecnolog\u00eda; desarrollo agr\u00edcola; maquinaria agr\u00edcola; defensa agr\u00edcola; eficiencia agr\u00edcola; ganader\u00eda; proyectos integrales con finalidad ganadera agr\u00edcola, industrial y otros; atracci\u00f3n de inversiones que tengan por objeto los puntos anteriores; eficiencia h\u00eddrica e industria, parques industriales y equipamiento industrial.<\/p>\n<p>Asimismo incluye el Plus Activa, que consiste en un plus de cr\u00e9dito fiscal en concepto de est\u00edmulo luego de haber realizado las inversiones. Este plus ser\u00e1 de hasta un 10% cuando genere empleo de plazo indeterminado a trav\u00e9s de los programas de empleo provincial para las l\u00edneas mencionadas en el p\u00e1rrafo anterior; hasta el 5% cuando los postulantes tengan en sus \u00f3rganos de gobierno una proporci\u00f3n mayoritariamente femenina; y hasta el 5% cuando hayan utilizado componentes de origen mendocino.<\/p>\n<p><em><strong>&#8216;En todos los casos la sumatoria del Plus Activa no podr\u00e1 superar el 10% de la inversi\u00f3n efectivamente realizada, neta de IVA para beneficiarios o beneficiarias que revistan la calidad de responsables inscriptos&#8217;<\/strong><\/em>, dice el texto legislativo.<\/p>\n<p>Podr\u00e1n ser beneficiarios aquellas personas humanas y jur\u00eddicas con o sin fines de lucro que no superen los l\u00edmites de facturaci\u00f3n y cantidad de empleados establecidos por la Secretar\u00eda de Emprendedores y de la Peque\u00f1a y Mediana Empresa de la Naci\u00f3n, para encuadrar en los topes de la categor\u00eda para ser MIPyME.<\/p>\n<p>Otro de los requisitos es que se encuentren inscriptas como contribuyentes en la provincia y desarrollen sus propuestas de inversi\u00f3n en esta jurisdicci\u00f3n. Para el caso de sociedades extranjeras y de otras jurisdicciones, deber\u00e1n tener sucursal o sede radicada en la provincia o demostrar la iniciaci\u00f3n del tr\u00e1mite de inscripci\u00f3n correspondiente.<\/p>\n<p>Finalmente, que presenten una propuesta de inversi\u00f3n categorizada en las actividades econ\u00f3micas antes descriptas.<\/p>\n","protected":false},"excerpt":{"rendered":"<p>Tiene como objeto el est\u00edmulo y la promoci\u00f3n de aquellas inversiones que tengan como destino la utilizaci\u00f3n de recursos naturales y &#8230;<\/p>\n","protected":false},"author":7,"featured_media":115286,"comment_status":"open","ping_status":"open","sticky":false,"template":"","format":"standard","meta":{"footnotes":""},"categories":[5,10],"tags":[],"class_list":["post-115284","post","type-post","status-publish","format-standard","has-post-thumbnail","hentry","category-actualidad","category-destacadas"],"_links":{"self":[{"href":"https:\/\/vinasfm.com\/noticias\/wp-json\/wp\/v2\/posts\/115284","targetHints":{"allow":["GET"]}}],"collection":[{"href":"https:\/\/vinasfm.com\/noticias\/wp-json\/wp\/v2\/posts"}],"about":[{"href":"https:\/\/vinasfm.com\/noticias\/wp-json\/wp\/v2\/types\/post"}],"author":[{"embeddable":true,"href":"https:\/\/vinasfm.com\/noticias\/wp-json\/wp\/v2\/users\/7"}],"replies":[{"embeddable":true,"href":"https:\/\/vinasfm.com\/noticias\/wp-json\/wp\/v2\/comments?post=115284"}],"version-history":[{"count":1,"href":"https:\/\/vinasfm.com\/noticias\/wp-json\/wp\/v2\/posts\/115284\/revisions"}],"predecessor-version":[{"id":115288,"href":"https:\/\/vinasfm.com\/noticias\/wp-json\/wp\/v2\/posts\/115284\/revisions\/115288"}],"wp:featuredmedia":[{"embeddable":true,"href":"https:\/\/vinasfm.com\/noticias\/wp-json\/wp\/v2\/media\/115286"}],"wp:attachment":[{"href":"https:\/\/vinasfm.com\/noticias\/wp-json\/wp\/v2\/media?parent=115284"}],"wp:term":[{"taxonomy":"category","embeddable":true,"href":"https:\/\/vinasfm.com\/noticias\/wp-json\/wp\/v2\/categories?post=115284"},{"taxonomy":"post_tag","embeddable":true,"href":"https:\/\/vinasfm.com\/noticias\/wp-json\/wp\/v2\/tags?post=115284"}],"curies":[{"name":"wp","href":"https:\/\/api.w.org\/{rel}","templated":true}]}}