{"id":115278,"date":"2022-10-29T09:26:44","date_gmt":"2022-10-29T12:26:44","guid":{"rendered":"http:\/\/vinasfm.com\/noticias\/?p=115278"},"modified":"2022-10-31T08:46:53","modified_gmt":"2022-10-31T11:46:53","slug":"octubre-rosa-concluyo-con-una-charla-sobre-el-tratamiento-posterior-de-pacientes-operadas-de-cancer-de-mama","status":"publish","type":"post","link":"https:\/\/vinasfm.com\/noticias\/octubre-rosa-concluyo-con-una-charla-sobre-el-tratamiento-posterior-de-pacientes-operadas-de-cancer-de-mama\/","title":{"rendered":"OCTUBRE ROSA CONCLUY\u00d3 CON UNA CHARLA SOBRE EL TRATAMIENTO POSTERIOR DE PACIENTES OPERADAS DE C\u00c1NCER DE MAMA"},"content":{"rendered":"<h4><strong>Para darle cierre al Octubre Rosa en General Alvear, se realiz\u00f3 en el Hospital Enfermeros Argentinos, una charla informativa sobre prehabilitaci\u00f3n y tratamiento posterior de la paciente operada de c\u00e1ncer de mama.<\/strong><\/h4>\n<p><a href=\"http:\/\/vinasfm.com\/noticias\/wp-content\/uploads\/2022\/10\/Charla-Cancer-de-Mamas-5-scaled.jpg\"><img loading=\"lazy\" decoding=\"async\" class=\"alignnone size-thumbnail wp-image-115279\" src=\"http:\/\/vinasfm.com\/noticias\/wp-content\/uploads\/2022\/10\/Charla-Cancer-de-Mamas-5-150x150.jpg\" alt=\"\" width=\"150\" height=\"150\" srcset=\"https:\/\/vinasfm.com\/noticias\/wp-content\/uploads\/2022\/10\/Charla-Cancer-de-Mamas-5-150x150.jpg 150w, https:\/\/vinasfm.com\/noticias\/wp-content\/uploads\/2022\/10\/Charla-Cancer-de-Mamas-5-360x360.jpg 360w, https:\/\/vinasfm.com\/noticias\/wp-content\/uploads\/2022\/10\/Charla-Cancer-de-Mamas-5-750x750.jpg 750w\" sizes=\"auto, (max-width: 150px) 100vw, 150px\" \/><\/a> <a href=\"http:\/\/vinasfm.com\/noticias\/wp-content\/uploads\/2022\/10\/Charla-Cancer-de-Mamas-2-scaled.jpg\"><img loading=\"lazy\" decoding=\"async\" class=\"alignnone size-thumbnail wp-image-115281\" src=\"http:\/\/vinasfm.com\/noticias\/wp-content\/uploads\/2022\/10\/Charla-Cancer-de-Mamas-2-150x150.jpg\" alt=\"\" width=\"150\" height=\"150\" srcset=\"https:\/\/vinasfm.com\/noticias\/wp-content\/uploads\/2022\/10\/Charla-Cancer-de-Mamas-2-150x150.jpg 150w, https:\/\/vinasfm.com\/noticias\/wp-content\/uploads\/2022\/10\/Charla-Cancer-de-Mamas-2-360x360.jpg 360w, https:\/\/vinasfm.com\/noticias\/wp-content\/uploads\/2022\/10\/Charla-Cancer-de-Mamas-2-750x750.jpg 750w\" sizes=\"auto, (max-width: 150px) 100vw, 150px\" \/><\/a> <a href=\"http:\/\/vinasfm.com\/noticias\/wp-content\/uploads\/2022\/10\/Charla-Cancer-de-Mamas-1-scaled.jpg\"><img loading=\"lazy\" decoding=\"async\" class=\"alignnone size-thumbnail wp-image-115282\" src=\"http:\/\/vinasfm.com\/noticias\/wp-content\/uploads\/2022\/10\/Charla-Cancer-de-Mamas-1-150x150.jpg\" alt=\"\" width=\"150\" height=\"150\" srcset=\"https:\/\/vinasfm.com\/noticias\/wp-content\/uploads\/2022\/10\/Charla-Cancer-de-Mamas-1-150x150.jpg 150w, https:\/\/vinasfm.com\/noticias\/wp-content\/uploads\/2022\/10\/Charla-Cancer-de-Mamas-1-360x360.jpg 360w, https:\/\/vinasfm.com\/noticias\/wp-content\/uploads\/2022\/10\/Charla-Cancer-de-Mamas-1-750x750.jpg 750w\" sizes=\"auto, (max-width: 150px) 100vw, 150px\" \/><\/a><\/p>\n<p>Las disertantes Licenciada en Kinesiolog\u00eda Andrea Melendi y Licenciada Avelina Gil, destinaron este encuentro a profesionales de la salud y p\u00fablico en general. Esta actividad, como el reto de las ofrecidas en el mes de visibilizaci\u00f3n y sensibilizaci\u00f3n de la lucha contra el c\u00e1ncer de mama, fue organizada por Asesor\u00eda de la Mujer, de la Municipalidad de General Alvear, Hospital Enfermeros Argentinos, \u00c1rea Sanitaria, OSEP y LALCEC.<\/p>\n<p>La Asesora de la Mujer, Silvia Vega, explic\u00f3 que: <strong><em>&#8216;Contamos con la presencia de una integrante del grupo Mujeres Poderosas Mendoza, que est\u00e1 contando su experiencia y lo que es vivir con c\u00e1ncer de mama. Esta actividad se trabaj\u00f3 con todo el sur mendocino, con San Rafael lo hicimos de manera simult\u00e1nea en distintos eventos&#8217;.<\/em><\/strong><\/p>\n<p>Bel\u00e9n Bobba, Directora de G\u00e9nero y Diversidad de Mendoza, estuvo presente durante la realizaci\u00f3n de esta actividad, adem\u00e1s de realizar una recorrida por el departamento. Bobba adelant\u00f3 que: <em><strong>&#8216;Se viene el mes de la Lucha contra la Violencia hacia las Mujeres, por lo que en noviembre vamos a seguir realizando actividades para concientizar, capacitar, prevenir y abordar situaciones de violencia por motivos de g\u00e9nero&#8217;.<\/strong><\/em><\/p>\n<p>Las Licenciadas en Kinesiolog\u00eda, Andrea Melendi y Avelina Gil, fueron las disertantes de esta interesante charla: <strong><em>&#8216;Estamos trabajando en la prehabilitaci\u00f3n, es decir antes de la cirug\u00eda, por lo que le damos algunas pautas a la paciente para que sepa como manejarse en el postquir\u00fargico, donde lo importante es que vuelva a tener su vida lo m\u00e1s normal posible y volver a la funcionalidad del miembro&#8217;.<\/em><\/strong> Asimismo agregaron que: <em><strong>&#8216;Lo que tratamos de hacer es acompa\u00f1ar a esa paciente para que tenga una buena calidad de vida y pueda volver a realizar sus actividades habituales&#8217;.<\/strong><\/em><\/p>\n","protected":false},"excerpt":{"rendered":"<p>Para darle cierre al Octubre Rosa en General Alvear, se realiz\u00f3 en el Hospital Enfermeros Argentinos, una charla informativa sobre prehabilitaci\u00f3n &#8230;<\/p>\n","protected":false},"author":7,"featured_media":115280,"comment_status":"open","ping_status":"open","sticky":false,"template":"","format":"standard","meta":{"footnotes":""},"categories":[5,15],"tags":[],"class_list":["post-115278","post","type-post","status-publish","format-standard","has-post-thumbnail","hentry","category-actualidad","category-salud"],"_links":{"self":[{"href":"https:\/\/vinasfm.com\/noticias\/wp-json\/wp\/v2\/posts\/115278","targetHints":{"allow":["GET"]}}],"collection":[{"href":"https:\/\/vinasfm.com\/noticias\/wp-json\/wp\/v2\/posts"}],"about":[{"href":"https:\/\/vinasfm.com\/noticias\/wp-json\/wp\/v2\/types\/post"}],"author":[{"embeddable":true,"href":"https:\/\/vinasfm.com\/noticias\/wp-json\/wp\/v2\/users\/7"}],"replies":[{"embeddable":true,"href":"https:\/\/vinasfm.com\/noticias\/wp-json\/wp\/v2\/comments?post=115278"}],"version-history":[{"count":1,"href":"https:\/\/vinasfm.com\/noticias\/wp-json\/wp\/v2\/posts\/115278\/revisions"}],"predecessor-version":[{"id":115283,"href":"https:\/\/vinasfm.com\/noticias\/wp-json\/wp\/v2\/posts\/115278\/revisions\/115283"}],"wp:featuredmedia":[{"embeddable":true,"href":"https:\/\/vinasfm.com\/noticias\/wp-json\/wp\/v2\/media\/115280"}],"wp:attachment":[{"href":"https:\/\/vinasfm.com\/noticias\/wp-json\/wp\/v2\/media?parent=115278"}],"wp:term":[{"taxonomy":"category","embeddable":true,"href":"https:\/\/vinasfm.com\/noticias\/wp-json\/wp\/v2\/categories?post=115278"},{"taxonomy":"post_tag","embeddable":true,"href":"https:\/\/vinasfm.com\/noticias\/wp-json\/wp\/v2\/tags?post=115278"}],"curies":[{"name":"wp","href":"https:\/\/api.w.org\/{rel}","templated":true}]}}