{"id":115129,"date":"2022-10-27T08:10:44","date_gmt":"2022-10-27T11:10:44","guid":{"rendered":"http:\/\/vinasfm.com\/noticias\/?p=115129"},"modified":"2022-10-28T09:42:59","modified_gmt":"2022-10-28T12:42:59","slug":"polilla-de-la-vid-el-inscamen-cumplio-con-el-50-de-los-tratamientos-aereos-en-los-oasis-norte-y-este","status":"publish","type":"post","link":"https:\/\/vinasfm.com\/noticias\/polilla-de-la-vid-el-inscamen-cumplio-con-el-50-de-los-tratamientos-aereos-en-los-oasis-norte-y-este\/","title":{"rendered":"POLILLA DE LA VID: EL INSCAMEN CUMPLI\u00d3 CON EL 50% DE LOS TRATAMIENTOS A\u00c9REOS EN LOS OASIS NORTE Y ESTE"},"content":{"rendered":"<h4>El 15 de octubre comenz\u00f3 a prestarse el Servicio de Tratamientos A\u00e9reos para los productores vit\u00edcolas de los oasis Norte y Este. La din\u00e1mica de trabajo t\u00e9cnico y las condiciones favorables para el desarrollo del servicio han permitido completar actualmente 50% de las acciones de control en esta tercera etapa del operativo 2022\/2023<\/h4>\n<p>Este servicio que presta el Iscamen a los productores se basa en el manejo integrado de la plaga en grandes \u00e1reas e incluye acciones en 124.000 hect\u00e1reas de vid de\u00a0los departamentos de Lavalle, Luj\u00e1n, Maip\u00fa, Jun\u00edn, Rivadavia, San Mart\u00edn y Santa Rosa.<\/p>\n<p>La condiciones favorables y la incorporaci\u00f3n de nuevas unidades permitieron avanzar en el cronograma de aplicaciones previsto, lo que resulta positivo respecto del control de la plaga. El cronograma de actividades entre el 25 y 30 de octubre ser\u00e1 el siguiente y estar\u00e1 sujeto a modificaciones por causas clim\u00e1ticas u operativas:<\/p>\n<p><strong>Santa Rosa:<\/strong>\u00a012 de octubre: Las Catitas, Santa Rosa.<\/p>\n<p><strong>San Mart\u00edn:<\/strong>\u00a0Alto Verde.<\/p>\n<p><strong>Rivadavia:<\/strong>\u00a0La Central, El Mirador, Los Campamentos, Andrade, Medrano, Los \u00c1rboles, Reducci\u00f3n.<\/p>\n<p><strong>Jun\u00edn:<\/strong>\u00a0Rodr\u00edguez Pe\u00f1a, os Barriales, Jun\u00edn.<\/p>\n<p><strong>Maip\u00fa:<\/strong>\u00a0San Roque, Barrancas.<\/p>\n<p><strong>Luj\u00e1n de Cuyo:<\/strong>\u00a0El Carrizal, Ugarteche.<\/p>\n<p>Asimismo, pr\u00f3ximamente se realizar\u00e1n acciones de repaso en puntos espec\u00edficos tratados oportunamente.<\/p>\n<p>Hasta el momento, el operativo de control incluy\u00f3 etapas previas de asistencia con entrega de emisores de feromonas e insecticidas espec\u00edficos para productores de determinadas \u00e1reas de la provincia.<\/p>\n<p>El Servicio de Tratamientos A\u00e9reos se ha priorizado en fincas en estado de abandono, con riesgo fitosanitario y como complemento de los tratamientos que realicen los productores de los oasis Norte y Este. Estos deber\u00e1n mantener el cultivo protegido hasta el 10 de noviembre inclusive, comenzando las aplicaciones desde el momento en que el vi\u00f1edo presente racimos florales de 5 a 7 cm de longitud. La fecha de inicio de tratamiento depende de la variedad y la zona, por lo que cada productor debe estar atento al estado de su vi\u00f1edo.<\/p>\n<p>Como en las campa\u00f1as anteriores, en las cuales el servicio se desarroll\u00f3 con absoluta normalidad, se emplean productos registrados y autorizados por el Senasa y amigables con el ambiente, no presentan \u00a0peligro para flora, fauna, agua, suelo y poblaci\u00f3n en general, tanto por sus caracter\u00edsticas como por las dosis y modo de empleo por parte del programa. Asimismo, no se realizan aplicaciones en zonas urbanas, periurbanas, escuelas, centros de salud, hospitales, etc. Se contemplan adem\u00e1s zonas de contenci\u00f3n o amortiguamiento de protecci\u00f3n hasta lugares de aplicaci\u00f3n. Todas las acciones cuentan con la Declaraci\u00f3n de Impacto Ambiental de la Secretar\u00eda de Ambiente y Ordenamiento Territorial de Mendoza.<\/p>\n<p><a href=\"http:\/\/vinasfm.com\/noticias\/wp-content\/uploads\/2022\/10\/Estado-de-situacion-al-24-10-2022-700x589-1.jpg\"><img loading=\"lazy\" decoding=\"async\" class=\" wp-image-115132 aligncenter\" src=\"http:\/\/vinasfm.com\/noticias\/wp-content\/uploads\/2022\/10\/Estado-de-situacion-al-24-10-2022-700x589-1-150x150.jpg\" alt=\"\" width=\"369\" height=\"369\" srcset=\"https:\/\/vinasfm.com\/noticias\/wp-content\/uploads\/2022\/10\/Estado-de-situacion-al-24-10-2022-700x589-1-150x150.jpg 150w, https:\/\/vinasfm.com\/noticias\/wp-content\/uploads\/2022\/10\/Estado-de-situacion-al-24-10-2022-700x589-1-360x360.jpg 360w\" sizes=\"auto, (max-width: 369px) 100vw, 369px\" \/><\/a><\/p>\n","protected":false},"excerpt":{"rendered":"<p>El 15 de octubre comenz\u00f3 a prestarse el Servicio de Tratamientos A\u00e9reos para los productores vit\u00edcolas de los oasis Norte y &#8230;<\/p>\n","protected":false},"author":7,"featured_media":115131,"comment_status":"open","ping_status":"open","sticky":false,"template":"","format":"standard","meta":{"footnotes":""},"categories":[5,14],"tags":[],"class_list":["post-115129","post","type-post","status-publish","format-standard","has-post-thumbnail","hentry","category-actualidad","category-agro"],"_links":{"self":[{"href":"https:\/\/vinasfm.com\/noticias\/wp-json\/wp\/v2\/posts\/115129","targetHints":{"allow":["GET"]}}],"collection":[{"href":"https:\/\/vinasfm.com\/noticias\/wp-json\/wp\/v2\/posts"}],"about":[{"href":"https:\/\/vinasfm.com\/noticias\/wp-json\/wp\/v2\/types\/post"}],"author":[{"embeddable":true,"href":"https:\/\/vinasfm.com\/noticias\/wp-json\/wp\/v2\/users\/7"}],"replies":[{"embeddable":true,"href":"https:\/\/vinasfm.com\/noticias\/wp-json\/wp\/v2\/comments?post=115129"}],"version-history":[{"count":1,"href":"https:\/\/vinasfm.com\/noticias\/wp-json\/wp\/v2\/posts\/115129\/revisions"}],"predecessor-version":[{"id":115133,"href":"https:\/\/vinasfm.com\/noticias\/wp-json\/wp\/v2\/posts\/115129\/revisions\/115133"}],"wp:featuredmedia":[{"embeddable":true,"href":"https:\/\/vinasfm.com\/noticias\/wp-json\/wp\/v2\/media\/115131"}],"wp:attachment":[{"href":"https:\/\/vinasfm.com\/noticias\/wp-json\/wp\/v2\/media?parent=115129"}],"wp:term":[{"taxonomy":"category","embeddable":true,"href":"https:\/\/vinasfm.com\/noticias\/wp-json\/wp\/v2\/categories?post=115129"},{"taxonomy":"post_tag","embeddable":true,"href":"https:\/\/vinasfm.com\/noticias\/wp-json\/wp\/v2\/tags?post=115129"}],"curies":[{"name":"wp","href":"https:\/\/api.w.org\/{rel}","templated":true}]}}