{"id":115126,"date":"2022-10-27T08:11:16","date_gmt":"2022-10-27T11:11:16","guid":{"rendered":"http:\/\/vinasfm.com\/noticias\/?p=115126"},"modified":"2022-10-28T09:58:16","modified_gmt":"2022-10-28T12:58:16","slug":"mas-de-800-mil-personas-ya-tienen-aprobado-el-refuerzo-alimentario-para-adultos-sin-ingresos","status":"publish","type":"post","link":"https:\/\/vinasfm.com\/noticias\/mas-de-800-mil-personas-ya-tienen-aprobado-el-refuerzo-alimentario-para-adultos-sin-ingresos\/","title":{"rendered":"M\u00c1S DE 800 MIL PERSONAS YA TIENEN APROBADO EL REFUERZO ALIMENTARIO PARA ADULTOS SIN INGRESOS"},"content":{"rendered":"<h4><strong>El tercer d\u00eda de inscripci\u00f3n cerr\u00f3 con miles de ciudadanos inscriptos que podr\u00e1n acceder al refuerzo alimentario.<\/strong><\/h4>\n<p style=\"font-weight: 400;\">Con atenci\u00f3n en las m\u00e1s de 400 oficinas de todo el pa\u00eds y operativos m\u00f3viles, contin\u00faa abierta la inscripci\u00f3n presencial al\u00a0<strong><em>Refuerzo Alimentario<\/em><\/strong>\u00a0para personas que se encuentran en condiciones de extrema vulnerabilidad, no cuentan con ning\u00fan tipo de ingreso y no perciben ninguna asistencia del Estado.<\/p>\n<p style=\"font-weight: 400;\">De esta manera,\u00a0<strong>800.407 mil personas<\/strong>\u00a0ya lograron acceder al\u00a0<em>Refuerzo Alimentario<\/em>\u00a0y cobrar\u00e1n el primer pago a partir del 14 de noviembre, seg\u00fan terminaci\u00f3n de DNI.<\/p>\n<p style=\"font-weight: 400;\">Se recuerda que la inscripci\u00f3n contin\u00faa en forma presencial en oficinas y en la web de ANSES durante las pr\u00f3ximas semanas.<\/p>\n<p style=\"font-weight: 400;\"><strong>\u00bfQUI\u00c9NES PUEDEN INSCRIBIRSE AL REFUERZO ALIMENTARIO?<\/strong><\/p>\n<p style=\"font-weight: 400;\">Aquellas personas que no cuenten con trabajo registrado (en relaci\u00f3n de dependencia, aut\u00f3nomos, de casas particulares, monotributistas o monotributistas sociales) y que no se encuentren percibiendo:<\/p>\n<p style=\"font-weight: 400;\">&#8211; Jubilaci\u00f3n y\/o pensi\u00f3n contributiva o no contributiva (tanto nacionales como provinciales y municipales)<\/p>\n<p style=\"font-weight: 400;\">&#8211; Prestaci\u00f3n por Desempleo<\/p>\n<p style=\"font-weight: 400;\">&#8211; Potenciar Trabajo<\/p>\n<p style=\"font-weight: 400;\">&#8211; Beca Progresar<\/p>\n<p style=\"font-weight: 400;\">&#8211; Asignaci\u00f3n por Embarazo para Protecci\u00f3n Social<\/p>\n<p style=\"font-weight: 400;\">&#8211; Programas sociales (tanto nacionales como provinciales o municipales) o quienes tengan hijas y\/o hijos que perciban la Asignaci\u00f3n Universal por Hija e Hijo o Salario Familiar.<\/p>\n<p style=\"font-weight: 400;\">Asimismo, para acceder al Refuerzo las personas que se inscriban deber\u00e1n completar una Declaraci\u00f3n Jurada, que ser\u00e1 evaluada junto a sus consumos, bienes y patrimonio.<\/p>\n<p style=\"font-weight: 400;\">Es decir que no podr\u00e1n tener registrado a su nombre:<\/p>\n<p style=\"font-weight: 400;\">&#8211; Rodados (automotores, motocicletas y otros) que tengan menos de 10 a\u00f1os de antig\u00fcedad<\/p>\n<p style=\"font-weight: 400;\">&#8211; Inmuebles<\/p>\n<p style=\"font-weight: 400;\">&#8211; Consumos de tarjeta de cr\u00e9dito y\/o d\u00e9bito en los \u00faltimos 2 meses<\/p>\n<p style=\"font-weight: 400;\">&#8211; Plazos fijos y bonos en los \u00faltimos 6 meses<\/p>\n<p style=\"font-weight: 400;\">&#8211; Acreditaci\u00f3n en cuentas bancarias en los \u00faltimos 2 meses<\/p>\n<p style=\"font-weight: 400;\">&#8211; Compras en moneda extranjera en los \u00faltimos 6 meses<\/p>\n<p style=\"font-weight: 400;\">&#8211; Obra Social o Prepaga<\/p>\n<p style=\"font-weight: 400;\">En el caso de personas de 18 a 24 a\u00f1os, el control socioecon\u00f3mico se le realizar\u00e1 tambi\u00e9n a su grupo familiar.<\/p>\n","protected":false},"excerpt":{"rendered":"<p>El tercer d\u00eda de inscripci\u00f3n cerr\u00f3 con miles de ciudadanos inscriptos que podr\u00e1n acceder al refuerzo alimentario. Con atenci\u00f3n en las &#8230;<\/p>\n","protected":false},"author":7,"featured_media":115130,"comment_status":"open","ping_status":"open","sticky":false,"template":"","format":"standard","meta":{"footnotes":""},"categories":[5,50],"tags":[],"class_list":["post-115126","post","type-post","status-publish","format-standard","has-post-thumbnail","hentry","category-actualidad","category-anses"],"_links":{"self":[{"href":"https:\/\/vinasfm.com\/noticias\/wp-json\/wp\/v2\/posts\/115126","targetHints":{"allow":["GET"]}}],"collection":[{"href":"https:\/\/vinasfm.com\/noticias\/wp-json\/wp\/v2\/posts"}],"about":[{"href":"https:\/\/vinasfm.com\/noticias\/wp-json\/wp\/v2\/types\/post"}],"author":[{"embeddable":true,"href":"https:\/\/vinasfm.com\/noticias\/wp-json\/wp\/v2\/users\/7"}],"replies":[{"embeddable":true,"href":"https:\/\/vinasfm.com\/noticias\/wp-json\/wp\/v2\/comments?post=115126"}],"version-history":[{"count":1,"href":"https:\/\/vinasfm.com\/noticias\/wp-json\/wp\/v2\/posts\/115126\/revisions"}],"predecessor-version":[{"id":115135,"href":"https:\/\/vinasfm.com\/noticias\/wp-json\/wp\/v2\/posts\/115126\/revisions\/115135"}],"wp:featuredmedia":[{"embeddable":true,"href":"https:\/\/vinasfm.com\/noticias\/wp-json\/wp\/v2\/media\/115130"}],"wp:attachment":[{"href":"https:\/\/vinasfm.com\/noticias\/wp-json\/wp\/v2\/media?parent=115126"}],"wp:term":[{"taxonomy":"category","embeddable":true,"href":"https:\/\/vinasfm.com\/noticias\/wp-json\/wp\/v2\/categories?post=115126"},{"taxonomy":"post_tag","embeddable":true,"href":"https:\/\/vinasfm.com\/noticias\/wp-json\/wp\/v2\/tags?post=115126"}],"curies":[{"name":"wp","href":"https:\/\/api.w.org\/{rel}","templated":true}]}}