{"id":115088,"date":"2022-10-26T09:05:45","date_gmt":"2022-10-26T12:05:45","guid":{"rendered":"http:\/\/vinasfm.com\/noticias\/?p=115088"},"modified":"2022-10-27T11:19:46","modified_gmt":"2022-10-27T14:19:46","slug":"mendoza-emprende-semillas-el-proyecto-que-estimula-emprendimientos-en-etapas-temprana","status":"publish","type":"post","link":"https:\/\/vinasfm.com\/noticias\/mendoza-emprende-semillas-el-proyecto-que-estimula-emprendimientos-en-etapas-temprana\/","title":{"rendered":"\u00abMENDOZA EMPRENDE SEMILLAS\u00bb EL PROYECTO QUE ESTIMULA EMPRENDIMIENTOS EN ETAPAS TEMPRANAS"},"content":{"rendered":"<h4><strong>Contin\u00faan los acuerdos y contratos de la segunda etapa de Emprende Semillas y desde la Direcci\u00f3n de Desarrollo Econ\u00f3mico e Innovaci\u00f3n se refirieron al estado actual de dicha etapa.<\/strong><\/h4>\n<p><em><strong>&#8216;Estamos continuando con la firma de contratos de \u00abMendoza Emprende Semillas\u00bb &#8216; <\/strong><\/em>expres\u00f3 Marcos Caro y sum\u00f3 <em><strong>&#8216;llevamos 120 acuerdos en lo que va del a\u00f1o&#8217;.<\/strong><\/em> Como Mendoza Activa y otros programas para el empleo y el desarrollo, tiene car\u00e1cter netamente federal. Esta iniciativa combina cr\u00e9dito con subsidio para potenciar el perfil de los emprendedores mendocinos.<\/p>\n<p><em><strong>&#8216;Actualmente la gente hace muchas consultas, se han dado cuenta que es \u00fatil y por eso estamos analizando otra convocatoria&#8217;.<\/strong><\/em> Durante su primera convocatoria, abierta desde el 23 de marzo al 3 de abril, se recibieron 483 solicitudes, provenientes de emprendedores de todos los rincones de la provincia.<\/p>\n<p><em><strong>&#8216;Los requisitos generales son ser monotributistas y presentar un garante con un bono de sueldo; es r\u00e1pido y accesible&#8217;<\/strong><\/em> record\u00f3 el Director de Desarrollo Econ\u00f3mico e Innovaci\u00f3n, <strong><em>&#8216;si tienen los papeles en orden y todos los requisitos a la mano obtienen f\u00e1cil y r\u00e1pido el cr\u00e9dito&#8217;<\/em><\/strong> aclar\u00f3.<\/p>\n<p>Este financiamiento tiene seis meses de gracia para su devoluci\u00f3n y deber\u00e1 ser destinado a activos fijos nuevos y\/o capital de trabajo de actividades agropecuarias, industriales, comerciales, productivas de base no agropecuaria, de base tecnol\u00f3gica, tur\u00edsticas, artesanales, mineras, de servicios a la producci\u00f3n y otros servicios.<\/p>\n<p>Bajo el mismo contexto se refiri\u00f3 acerca de la financiaci\u00f3n \u00abEmprender 2.0\u00bb: <em><strong>&#8216;es una herramienta destinada a emprendedores de nuestra provincia que tengan proyectos de base tecnol\u00f3gica, vinculados a actividades agropecuarias, industriales, comerciales, productivas de base no agropecuaria, tur\u00edsticas, mineras, de servicios a la producci\u00f3n y otros servicios&#8217;.<\/strong><\/em><\/p>\n<h6>Gabriel Vallejos<\/h6>\n","protected":false},"excerpt":{"rendered":"<p>Contin\u00faan los acuerdos y contratos de la segunda etapa de Emprende Semillas y desde la Direcci\u00f3n de Desarrollo Econ\u00f3mico e Innovaci\u00f3n &#8230;<\/p>\n","protected":false},"author":7,"featured_media":115091,"comment_status":"open","ping_status":"open","sticky":false,"template":"","format":"standard","meta":{"footnotes":""},"categories":[5,10],"tags":[],"class_list":["post-115088","post","type-post","status-publish","format-standard","has-post-thumbnail","hentry","category-actualidad","category-destacadas"],"_links":{"self":[{"href":"https:\/\/vinasfm.com\/noticias\/wp-json\/wp\/v2\/posts\/115088","targetHints":{"allow":["GET"]}}],"collection":[{"href":"https:\/\/vinasfm.com\/noticias\/wp-json\/wp\/v2\/posts"}],"about":[{"href":"https:\/\/vinasfm.com\/noticias\/wp-json\/wp\/v2\/types\/post"}],"author":[{"embeddable":true,"href":"https:\/\/vinasfm.com\/noticias\/wp-json\/wp\/v2\/users\/7"}],"replies":[{"embeddable":true,"href":"https:\/\/vinasfm.com\/noticias\/wp-json\/wp\/v2\/comments?post=115088"}],"version-history":[{"count":2,"href":"https:\/\/vinasfm.com\/noticias\/wp-json\/wp\/v2\/posts\/115088\/revisions"}],"predecessor-version":[{"id":115171,"href":"https:\/\/vinasfm.com\/noticias\/wp-json\/wp\/v2\/posts\/115088\/revisions\/115171"}],"wp:featuredmedia":[{"embeddable":true,"href":"https:\/\/vinasfm.com\/noticias\/wp-json\/wp\/v2\/media\/115091"}],"wp:attachment":[{"href":"https:\/\/vinasfm.com\/noticias\/wp-json\/wp\/v2\/media?parent=115088"}],"wp:term":[{"taxonomy":"category","embeddable":true,"href":"https:\/\/vinasfm.com\/noticias\/wp-json\/wp\/v2\/categories?post=115088"},{"taxonomy":"post_tag","embeddable":true,"href":"https:\/\/vinasfm.com\/noticias\/wp-json\/wp\/v2\/tags?post=115088"}],"curies":[{"name":"wp","href":"https:\/\/api.w.org\/{rel}","templated":true}]}}