{"id":115086,"date":"2022-10-26T08:39:06","date_gmt":"2022-10-26T11:39:06","guid":{"rendered":"http:\/\/vinasfm.com\/noticias\/?p=115086"},"modified":"2022-10-27T08:47:39","modified_gmt":"2022-10-27T11:47:39","slug":"la-legislatura-pide-avanzar-con-el-trasvase-del-rio-grande","status":"publish","type":"post","link":"https:\/\/vinasfm.com\/noticias\/la-legislatura-pide-avanzar-con-el-trasvase-del-rio-grande\/","title":{"rendered":"EL CONSEJO DELIBERANTE PIDE AVANZAR CON EL TRASVASE DEL R\u00cdO GRANDE"},"content":{"rendered":"<h4><strong>En dialogo con F.M VI\u00d1AS, el Concejal Jos\u00e9 Mor\u00e1n se refiri\u00f3 sobre el proyecto de resoluci\u00f3n que\u00a0 busca avanzar con el trasvase del R\u00edo Grande.\u00a0<\/strong><\/h4>\n<p><em><b>&#8216;El proyecto se aprob\u00f3 con unanimidad y solicita es que la provincia de Mendoza contemple el trasvase del Rio Grande al Atuel&#8217;<\/b><\/em> indic\u00f3 Jos\u00e9 Mor\u00e1n y agreg\u00f3 <em><strong>&#8216;ven\u00edamos trabajando desde el consejo deliberante hace varios meses, con distintas reuniones y c\u00e1maras de comercio&#8217;.\u00a0<\/strong><\/em><\/p>\n<p><b><i>&#8216;Principalmente<\/i><\/b><em><b> lo que se analizaba era la situaci\u00f3n de Portezuelo del Viento&#8230; y los an\u00e1lisis que realiz\u00e1bamos ca\u00eda en donde ser\u00edan destinados los 1.023 millones <\/b><\/em><b><i>d\u00f3lares que la provincia le gan\u00f3 al Estado&#8217;\u00a0<\/i><\/b>explic\u00f3. El principal objetivo es que los fondos permanecieran en el sur de la provincia y fueran destinadas a obras h\u00eddricas. <em><strong>&#8216;Nuestro proyecto platea un Portezuelo m\u00e1s chico por un trasvase por cuenca alta&#8217;.<\/strong><\/em><\/p>\n<p>A trav\u00e9s del proyecto de resoluci\u00f3n, aseguraron que la obra es la \u00fanica que genera un real aumento de volumen h\u00eddrico a la provincia, que traer\u00e1 m\u00faltiples beneficios a la zona Sur de la Provincia, ya que adem\u00e1s de representar una obra sustentable, genera mano de obra genuina, el aprovechamiento hidroel\u00e9ctrico prev\u00e9 la generaci\u00f3n de energ\u00eda limpia, que ser\u00e1 aportada al Sistema Interconectado Nacional, para responder a las incrementadas demandas que se registran en la actualidad.<\/p>\n<p><em><strong>&#8216;Hoy estamos pidiendo a la provincia una obra que todos anhelamos, pero tambi\u00e9n hay saber que la decisi\u00f3n y el compromiso por parte del Presidente perjudica a la provincia porque no permite usar los fondos nacionales&#8230;con la inflaci\u00f3n que tenemos los costos que incluye el presupuesto se est\u00e1n disparando&#8217;<\/strong><\/em> apunt\u00f3 el Concejal de UCR.<\/p>\n<h6>Gabriel Vallejos<\/h6>\n","protected":false},"excerpt":{"rendered":"<p>En dialogo con F.M VI\u00d1AS, el Concejal Jos\u00e9 Mor\u00e1n se refiri\u00f3 sobre el proyecto de resoluci\u00f3n que\u00a0 busca avanzar con el &#8230;<\/p>\n","protected":false},"author":7,"featured_media":57069,"comment_status":"open","ping_status":"open","sticky":false,"template":"","format":"standard","meta":{"footnotes":""},"categories":[5,10],"tags":[],"class_list":["post-115086","post","type-post","status-publish","format-standard","has-post-thumbnail","hentry","category-actualidad","category-destacadas"],"_links":{"self":[{"href":"https:\/\/vinasfm.com\/noticias\/wp-json\/wp\/v2\/posts\/115086","targetHints":{"allow":["GET"]}}],"collection":[{"href":"https:\/\/vinasfm.com\/noticias\/wp-json\/wp\/v2\/posts"}],"about":[{"href":"https:\/\/vinasfm.com\/noticias\/wp-json\/wp\/v2\/types\/post"}],"author":[{"embeddable":true,"href":"https:\/\/vinasfm.com\/noticias\/wp-json\/wp\/v2\/users\/7"}],"replies":[{"embeddable":true,"href":"https:\/\/vinasfm.com\/noticias\/wp-json\/wp\/v2\/comments?post=115086"}],"version-history":[{"count":5,"href":"https:\/\/vinasfm.com\/noticias\/wp-json\/wp\/v2\/posts\/115086\/revisions"}],"predecessor-version":[{"id":115110,"href":"https:\/\/vinasfm.com\/noticias\/wp-json\/wp\/v2\/posts\/115086\/revisions\/115110"}],"wp:featuredmedia":[{"embeddable":true,"href":"https:\/\/vinasfm.com\/noticias\/wp-json\/wp\/v2\/media\/57069"}],"wp:attachment":[{"href":"https:\/\/vinasfm.com\/noticias\/wp-json\/wp\/v2\/media?parent=115086"}],"wp:term":[{"taxonomy":"category","embeddable":true,"href":"https:\/\/vinasfm.com\/noticias\/wp-json\/wp\/v2\/categories?post=115086"},{"taxonomy":"post_tag","embeddable":true,"href":"https:\/\/vinasfm.com\/noticias\/wp-json\/wp\/v2\/tags?post=115086"}],"curies":[{"name":"wp","href":"https:\/\/api.w.org\/{rel}","templated":true}]}}