{"id":115084,"date":"2022-10-26T00:46:36","date_gmt":"2022-10-26T03:46:36","guid":{"rendered":"http:\/\/vinasfm.com\/noticias\/?p=115084"},"modified":"2022-10-26T11:53:53","modified_gmt":"2022-10-26T14:53:53","slug":"la-escuela-tecnica-enore-de-monte-concreto-importantes-compras-para-el-establecimiento-escolar","status":"publish","type":"post","link":"https:\/\/vinasfm.com\/noticias\/la-escuela-tecnica-enore-de-monte-concreto-importantes-compras-para-el-establecimiento-escolar\/","title":{"rendered":"LA ESCUELA T\u00c9CNICA \u00abENORE DE MONTE\u00bb CONCRET\u00d3 IMPORTANTES COMPRAS PARA EL ESTABLECIMIENTO ESCOLAR"},"content":{"rendered":"<h4><strong>Walter Garc\u00eda director de la Escuela T\u00e9cnica \u201cEnore de Monte\u201d habl\u00f3 acerca de los proyectos que pudieron concretar para beneficio del establecimiento escolar<\/strong><\/h4>\n<p>En primer lugar habl\u00f3 de la compra realizada que pudieron lograr: <em><strong>&#8216;Concretamos la compra de 12 computadoras para equipar tanto un equipo informativo que es la oficina t\u00e9cnica de taller como tambi\u00e9n la sala de inform\u00e1tica, son doce computadoras y una impresora, esto se suma a una compra que concretamos en el mes de julio para equipar el albergue&#8217;<\/strong><\/em><\/p>\n<p>&#8216;<em><strong>Esto se viene gestionando antes de la pandemia y como sabemos con todo lo que conllevo eso se par\u00f3, nosotros insistimos para obtener m\u00e1s materiales para los talleres, hace tiempo que venimos recaudando fondos para poder comprar alguna maquina como un torno que es fundamental para darle un apoyo a los alumnos&#8217;\u00a0<\/strong><\/em>A\u00f1adi\u00f3 en di\u00e1logo con <strong>F.M VI\u00d1AS<\/strong><\/p>\n<p>Del mismo modo habl\u00f3 del funcionamiento en cuanto al albergue que ofrencen: <em><strong>&#8216;En cuanto al albergue tenemos 28 alumnos todos de zona rural, el sistema de albergue que nosotros realizamos es de lunes a viernes, ingresan el d\u00eda lunes a las 07:30 y se retiran el viernes a las 19.00 donde hay un respectivo servicio de combis&#8217;<\/strong><\/em><\/p>\n","protected":false},"excerpt":{"rendered":"<p>Walter Garc\u00eda director de la Escuela T\u00e9cnica \u201cEnore de Monte\u201d habl\u00f3 acerca de los proyectos que pudieron concretar para beneficio del &#8230;<\/p>\n","protected":false},"author":7,"featured_media":115093,"comment_status":"open","ping_status":"open","sticky":false,"template":"","format":"standard","meta":{"footnotes":""},"categories":[5],"tags":[],"class_list":["post-115084","post","type-post","status-publish","format-standard","has-post-thumbnail","hentry","category-actualidad"],"_links":{"self":[{"href":"https:\/\/vinasfm.com\/noticias\/wp-json\/wp\/v2\/posts\/115084","targetHints":{"allow":["GET"]}}],"collection":[{"href":"https:\/\/vinasfm.com\/noticias\/wp-json\/wp\/v2\/posts"}],"about":[{"href":"https:\/\/vinasfm.com\/noticias\/wp-json\/wp\/v2\/types\/post"}],"author":[{"embeddable":true,"href":"https:\/\/vinasfm.com\/noticias\/wp-json\/wp\/v2\/users\/7"}],"replies":[{"embeddable":true,"href":"https:\/\/vinasfm.com\/noticias\/wp-json\/wp\/v2\/comments?post=115084"}],"version-history":[{"count":2,"href":"https:\/\/vinasfm.com\/noticias\/wp-json\/wp\/v2\/posts\/115084\/revisions"}],"predecessor-version":[{"id":115098,"href":"https:\/\/vinasfm.com\/noticias\/wp-json\/wp\/v2\/posts\/115084\/revisions\/115098"}],"wp:featuredmedia":[{"embeddable":true,"href":"https:\/\/vinasfm.com\/noticias\/wp-json\/wp\/v2\/media\/115093"}],"wp:attachment":[{"href":"https:\/\/vinasfm.com\/noticias\/wp-json\/wp\/v2\/media?parent=115084"}],"wp:term":[{"taxonomy":"category","embeddable":true,"href":"https:\/\/vinasfm.com\/noticias\/wp-json\/wp\/v2\/categories?post=115084"},{"taxonomy":"post_tag","embeddable":true,"href":"https:\/\/vinasfm.com\/noticias\/wp-json\/wp\/v2\/tags?post=115084"}],"curies":[{"name":"wp","href":"https:\/\/api.w.org\/{rel}","templated":true}]}}