{"id":115035,"date":"2022-10-25T08:56:16","date_gmt":"2022-10-25T11:56:16","guid":{"rendered":"http:\/\/vinasfm.com\/noticias\/?p=115035"},"modified":"2022-10-25T08:56:16","modified_gmt":"2022-10-25T11:56:16","slug":"en-la-escuela-de-rincon-del-indio-los-chicos-no-tiene-lugar-para-hacer-educacion-fisica","status":"publish","type":"post","link":"https:\/\/vinasfm.com\/noticias\/en-la-escuela-de-rincon-del-indio-los-chicos-no-tiene-lugar-para-hacer-educacion-fisica\/","title":{"rendered":"EN LA ESCUELA DE RINC\u00d3N DEL INDIO LOS CHICOS NO TIENE LUGAR PARA HACER EDUCACI\u00d3N F\u00cdSICA"},"content":{"rendered":"<p><em><strong>La escuela 1-440 \u00abFuerte San Rafael\u00bb est\u00e1 ubicada en el paraje Rinc\u00f3n del Indio y desde la comunidad educativa est\u00e1n pidiendo ayuda para poder remodelar el play\u00f3n deportivo, ya que los chicos no tiene lugar para hacer educaci\u00f3n f\u00edsica.<\/strong><\/em><\/p>\n<p>La Escuela Fuerte est\u00e1 ubicada en el paraje rural y brinda educaci\u00f3n primaria a varios ni\u00f1os y ni\u00f1as del distrito y de zonas aleda\u00f1as. La instituci\u00f3n cumple el pr\u00f3ximo a\u00f1o su 75\u00b0 aniversario, brindando educaci\u00f3n de calidad pero tambi\u00e9n funciona como contenci\u00f3n de los diferentes ni\u00f1os y ni\u00f1as de la zona.<\/p>\n<p>En reiteradas oportunidades la escuela ha pedido a la Direcci\u00f3n General de Escuelas de la provincia numerosas reparaciones tanto edilicias como de seguridad, siendo el reacondicionamiento del play\u00f3n deportivo una de las esenciales a los fines de brindar un servicio que asegure el derecho a la educaci\u00f3n de forma plena.<\/p>\n<p>El play\u00f3n fue construido por la Cooperadora de Padres de la Escuela hace varios a\u00f1os atr\u00e1s, en la actualidad denota un deterioro que imposibilita bridar educaci\u00f3n f\u00edsica y tareas de recreaci\u00f3n a ni\u00f1as y ni\u00f1os de la escuela.<\/p>\n<p>Ante esta situaci\u00f3n se ha elevado un pedido mediante la legislatura para que la DGE pueda reacondicionar el espacio deportivo y recreativo de la escuela.<\/p>\n","protected":false},"excerpt":{"rendered":"<p>La escuela 1-440 \u00abFuerte San Rafael\u00bb est\u00e1 ubicada en el paraje Rinc\u00f3n del Indio y desde la comunidad educativa est\u00e1n pidiendo &#8230;<\/p>\n","protected":false},"author":7,"featured_media":115038,"comment_status":"open","ping_status":"open","sticky":false,"template":"","format":"standard","meta":{"footnotes":""},"categories":[5,74],"tags":[],"class_list":["post-115035","post","type-post","status-publish","format-standard","has-post-thumbnail","hentry","category-actualidad","category-dge"],"_links":{"self":[{"href":"https:\/\/vinasfm.com\/noticias\/wp-json\/wp\/v2\/posts\/115035","targetHints":{"allow":["GET"]}}],"collection":[{"href":"https:\/\/vinasfm.com\/noticias\/wp-json\/wp\/v2\/posts"}],"about":[{"href":"https:\/\/vinasfm.com\/noticias\/wp-json\/wp\/v2\/types\/post"}],"author":[{"embeddable":true,"href":"https:\/\/vinasfm.com\/noticias\/wp-json\/wp\/v2\/users\/7"}],"replies":[{"embeddable":true,"href":"https:\/\/vinasfm.com\/noticias\/wp-json\/wp\/v2\/comments?post=115035"}],"version-history":[{"count":1,"href":"https:\/\/vinasfm.com\/noticias\/wp-json\/wp\/v2\/posts\/115035\/revisions"}],"predecessor-version":[{"id":115039,"href":"https:\/\/vinasfm.com\/noticias\/wp-json\/wp\/v2\/posts\/115035\/revisions\/115039"}],"wp:featuredmedia":[{"embeddable":true,"href":"https:\/\/vinasfm.com\/noticias\/wp-json\/wp\/v2\/media\/115038"}],"wp:attachment":[{"href":"https:\/\/vinasfm.com\/noticias\/wp-json\/wp\/v2\/media?parent=115035"}],"wp:term":[{"taxonomy":"category","embeddable":true,"href":"https:\/\/vinasfm.com\/noticias\/wp-json\/wp\/v2\/categories?post=115035"},{"taxonomy":"post_tag","embeddable":true,"href":"https:\/\/vinasfm.com\/noticias\/wp-json\/wp\/v2\/tags?post=115035"}],"curies":[{"name":"wp","href":"https:\/\/api.w.org\/{rel}","templated":true}]}}