{"id":115030,"date":"2022-10-25T08:42:48","date_gmt":"2022-10-25T11:42:48","guid":{"rendered":"http:\/\/vinasfm.com\/noticias\/?p=115030"},"modified":"2022-10-27T08:12:01","modified_gmt":"2022-10-27T11:12:01","slug":"115030-2","status":"publish","type":"post","link":"https:\/\/vinasfm.com\/noticias\/115030-2\/","title":{"rendered":"PRIMER PUESTO EN EXPERICIENAS TUR\u00cdSTICAS SUSTENTABLES PARA UNA FAMILIA ALVEARENSE"},"content":{"rendered":"<h4><strong>El Ministerio de Cultura y Turismo premi\u00f3 tres iniciativas que representan esfuerzos y se destacan por aportar a la diversificaci\u00f3n de experiencias tur\u00edsticas, con atributos de innovaci\u00f3n y sustentabilidad, tanto en espacios urbanos como rurales. El primer puesto, ganador de 500 mil pesos, fue para la propuesta Entre Acequias, ubicada en la Ruta 188 de General Alvear\u00a0<\/strong><\/h4>\n<p><em><strong>&#8216;Estamos Orgullosos de este emprendimiento y de este premio que recibi\u00f3 Mar\u00eda Laura Schillagi y su familia. Un proyecto innovador que particip\u00f3 en las experiencias tur\u00edsticas&#8217; <\/strong><\/em>Manifest\u00f3 Nestor Ortega, Sub Director de Turismo.<\/p>\n<p>Se trata de una experiencia de turismo rural sustentable que cuenta con el aval de la certificaci\u00f3n Bronce de Hoteles m\u00e1s Verdes y el Premio Edelweiss II. El espacio ofrece experiencias de alojamiento, glamping, actividades de fincas, agroecolog\u00eda y otros. <em><strong>&#8216;Apostamos a la sustentabilidad y brindar servicios de bienestar para nuestros visitantes y que puedan disfrutar una experiencia diferente&#8217;<\/strong><\/em> expres\u00f3 Mar\u00eda Laura Schillagi, propietaria de Entre Acequias.<\/p>\n<p><strong><em>&#8216;Empezamos con el emprendimiento en 2019 pero debimos poner un freno por la pandemia&#8217;<\/em> <\/strong>mencion\u00f3 Schillagi, y afirm\u00f3 que ese tiempo<strong> &#8216;vino bien para poder capacitarnos, aprender y poder armar todo un poco m\u00e1s tranquilos&#8217;\u00a0<\/strong><\/p>\n<p><em><strong>&#8216;Estos concursos est\u00e1n abiertos a todo el p\u00fablico, cuando lanzaron este marco se busc\u00f3 que las experiencias tur\u00edsticas e innovadoras vayan de la mano con el Ministerio de Cultura y Turismo&#8217; <\/strong><\/em>coment\u00f3 Ortega e incentiv\u00f3 a los productores a sumarse a las iniciativas que buscan dar a conocer y potenciar el turismo interno.<\/p>\n<p><a href=\"http:\/\/vinasfm.com\/noticias\/wp-content\/uploads\/2022\/10\/3f4bfc88-ad68-4fbb-a6b5-b1fcb7aa0d6e.jpg\"><img loading=\"lazy\" decoding=\"async\" class=\"alignnone size-medium wp-image-115048\" src=\"http:\/\/vinasfm.com\/noticias\/wp-content\/uploads\/2022\/10\/3f4bfc88-ad68-4fbb-a6b5-b1fcb7aa0d6e-300x169.jpg\" alt=\"\" width=\"300\" height=\"169\" srcset=\"https:\/\/vinasfm.com\/noticias\/wp-content\/uploads\/2022\/10\/3f4bfc88-ad68-4fbb-a6b5-b1fcb7aa0d6e-300x169.jpg 300w, https:\/\/vinasfm.com\/noticias\/wp-content\/uploads\/2022\/10\/3f4bfc88-ad68-4fbb-a6b5-b1fcb7aa0d6e-768x432.jpg 768w, https:\/\/vinasfm.com\/noticias\/wp-content\/uploads\/2022\/10\/3f4bfc88-ad68-4fbb-a6b5-b1fcb7aa0d6e-750x420.jpg 750w, https:\/\/vinasfm.com\/noticias\/wp-content\/uploads\/2022\/10\/3f4bfc88-ad68-4fbb-a6b5-b1fcb7aa0d6e.jpg 1024w\" sizes=\"auto, (max-width: 300px) 100vw, 300px\" \/><\/a> <a href=\"http:\/\/vinasfm.com\/noticias\/wp-content\/uploads\/2022\/10\/3bd47551-51c6-4289-855d-3421d1c1e153.jpg\"><img loading=\"lazy\" decoding=\"async\" class=\"alignnone size-medium wp-image-115049\" src=\"http:\/\/vinasfm.com\/noticias\/wp-content\/uploads\/2022\/10\/3bd47551-51c6-4289-855d-3421d1c1e153-300x169.jpg\" alt=\"\" width=\"300\" height=\"169\" srcset=\"https:\/\/vinasfm.com\/noticias\/wp-content\/uploads\/2022\/10\/3bd47551-51c6-4289-855d-3421d1c1e153-300x169.jpg 300w, https:\/\/vinasfm.com\/noticias\/wp-content\/uploads\/2022\/10\/3bd47551-51c6-4289-855d-3421d1c1e153-768x432.jpg 768w, https:\/\/vinasfm.com\/noticias\/wp-content\/uploads\/2022\/10\/3bd47551-51c6-4289-855d-3421d1c1e153-750x420.jpg 750w, https:\/\/vinasfm.com\/noticias\/wp-content\/uploads\/2022\/10\/3bd47551-51c6-4289-855d-3421d1c1e153.jpg 1024w\" sizes=\"auto, (max-width: 300px) 100vw, 300px\" \/><\/a> <a href=\"http:\/\/vinasfm.com\/noticias\/wp-content\/uploads\/2022\/10\/68fbd7aa-1b74-441f-9525-8b020bacce99.jpg\"><img loading=\"lazy\" decoding=\"async\" class=\"alignnone size-medium wp-image-115051\" src=\"http:\/\/vinasfm.com\/noticias\/wp-content\/uploads\/2022\/10\/68fbd7aa-1b74-441f-9525-8b020bacce99-300x169.jpg\" alt=\"\" width=\"300\" height=\"169\" srcset=\"https:\/\/vinasfm.com\/noticias\/wp-content\/uploads\/2022\/10\/68fbd7aa-1b74-441f-9525-8b020bacce99-300x169.jpg 300w, https:\/\/vinasfm.com\/noticias\/wp-content\/uploads\/2022\/10\/68fbd7aa-1b74-441f-9525-8b020bacce99-768x432.jpg 768w, https:\/\/vinasfm.com\/noticias\/wp-content\/uploads\/2022\/10\/68fbd7aa-1b74-441f-9525-8b020bacce99-750x420.jpg 750w, https:\/\/vinasfm.com\/noticias\/wp-content\/uploads\/2022\/10\/68fbd7aa-1b74-441f-9525-8b020bacce99.jpg 1024w\" sizes=\"auto, (max-width: 300px) 100vw, 300px\" \/><\/a> <a href=\"http:\/\/vinasfm.com\/noticias\/wp-content\/uploads\/2022\/10\/daf3dfc6-a711-4097-8cc3-3e3ccf777934.jpg\"><img loading=\"lazy\" decoding=\"async\" class=\"alignnone size-medium wp-image-115052\" src=\"http:\/\/vinasfm.com\/noticias\/wp-content\/uploads\/2022\/10\/daf3dfc6-a711-4097-8cc3-3e3ccf777934-300x169.jpg\" alt=\"\" width=\"300\" height=\"169\" srcset=\"https:\/\/vinasfm.com\/noticias\/wp-content\/uploads\/2022\/10\/daf3dfc6-a711-4097-8cc3-3e3ccf777934-300x169.jpg 300w, https:\/\/vinasfm.com\/noticias\/wp-content\/uploads\/2022\/10\/daf3dfc6-a711-4097-8cc3-3e3ccf777934-768x432.jpg 768w, https:\/\/vinasfm.com\/noticias\/wp-content\/uploads\/2022\/10\/daf3dfc6-a711-4097-8cc3-3e3ccf777934-750x420.jpg 750w, https:\/\/vinasfm.com\/noticias\/wp-content\/uploads\/2022\/10\/daf3dfc6-a711-4097-8cc3-3e3ccf777934.jpg 1024w\" sizes=\"auto, (max-width: 300px) 100vw, 300px\" \/><\/a><\/p>\n<h6>Gabriel Vallejos<\/h6>\n","protected":false},"excerpt":{"rendered":"<p>El Ministerio de Cultura y Turismo premi\u00f3 tres iniciativas que representan esfuerzos y se destacan por aportar a la diversificaci\u00f3n de &#8230;<\/p>\n","protected":false},"author":7,"featured_media":115033,"comment_status":"open","ping_status":"open","sticky":false,"template":"","format":"standard","meta":{"footnotes":""},"categories":[5,20],"tags":[],"class_list":["post-115030","post","type-post","status-publish","format-standard","has-post-thumbnail","hentry","category-actualidad","category-turismo"],"_links":{"self":[{"href":"https:\/\/vinasfm.com\/noticias\/wp-json\/wp\/v2\/posts\/115030","targetHints":{"allow":["GET"]}}],"collection":[{"href":"https:\/\/vinasfm.com\/noticias\/wp-json\/wp\/v2\/posts"}],"about":[{"href":"https:\/\/vinasfm.com\/noticias\/wp-json\/wp\/v2\/types\/post"}],"author":[{"embeddable":true,"href":"https:\/\/vinasfm.com\/noticias\/wp-json\/wp\/v2\/users\/7"}],"replies":[{"embeddable":true,"href":"https:\/\/vinasfm.com\/noticias\/wp-json\/wp\/v2\/comments?post=115030"}],"version-history":[{"count":4,"href":"https:\/\/vinasfm.com\/noticias\/wp-json\/wp\/v2\/posts\/115030\/revisions"}],"predecessor-version":[{"id":115062,"href":"https:\/\/vinasfm.com\/noticias\/wp-json\/wp\/v2\/posts\/115030\/revisions\/115062"}],"wp:featuredmedia":[{"embeddable":true,"href":"https:\/\/vinasfm.com\/noticias\/wp-json\/wp\/v2\/media\/115033"}],"wp:attachment":[{"href":"https:\/\/vinasfm.com\/noticias\/wp-json\/wp\/v2\/media?parent=115030"}],"wp:term":[{"taxonomy":"category","embeddable":true,"href":"https:\/\/vinasfm.com\/noticias\/wp-json\/wp\/v2\/categories?post=115030"},{"taxonomy":"post_tag","embeddable":true,"href":"https:\/\/vinasfm.com\/noticias\/wp-json\/wp\/v2\/tags?post=115030"}],"curies":[{"name":"wp","href":"https:\/\/api.w.org\/{rel}","templated":true}]}}