{"id":114973,"date":"2022-10-24T09:03:29","date_gmt":"2022-10-24T12:03:29","guid":{"rendered":"http:\/\/vinasfm.com\/noticias\/?p=114973"},"modified":"2022-10-25T10:39:00","modified_gmt":"2022-10-25T13:39:00","slug":"leo-vinolo-sobre-la-reforma-de-la-suprema-corte-la-justicia-es-mas-agil-y-efectiva","status":"publish","type":"post","link":"https:\/\/vinasfm.com\/noticias\/leo-vinolo-sobre-la-reforma-de-la-suprema-corte-la-justicia-es-mas-agil-y-efectiva\/","title":{"rendered":"LEO VI\u00d1OLO SOBRE LA REFORMA DE LA SUPREMA CORTE: &#8216;LA JUSTICIA ES M\u00c1S \u00c1GIL Y EFECTIVA&#8217;"},"content":{"rendered":"<h4><strong>Tras la\u00a0controversia inicial\u00a0con el proyecto del oficialismo para\u00a0reformar la Corte Suprema provincial\u00a0y el posterior acuerdo entre los jueces del m\u00e1ximo tribunal, el Senado de Mendoza aprob\u00f3 hoy la reforma de la Corte Suprema.\u00a0<\/strong><\/h4>\n<p><em><strong>&#8216;Los cambios ejecutados con anterioridad hicieron m\u00e1s efectiva la justicia&#8217;<\/strong><\/em> expres\u00f3 Leo Vi\u00f1olo sobre el proyecto para reformar la Corte Suprema provincial\u00a0 y agreg\u00f3<strong><em> &#8216;esto lo demuestran los n\u00fameros, ten\u00edamos un 65% de personas en las c\u00e1rceles sin condenas y hoy es totalmente al rev\u00e9s, al menos 65% de personas condenadas&#8217;. &#8216;Estas sentencias han hecho que la justicia sea m\u00e1s \u00e1gil&#8217;.\u00a0<\/em><\/strong><\/p>\n<p><em><strong>&#8216;Todos los cambios trascendentales en las justicia llevan un cierto debate con las oposiciones vertidas en distintas opiniones&#8217;<\/strong><\/em> expres\u00f3 el Senador en cuanto a la grieta pol\u00edtica en la que deriv\u00f3 la propuesta de reforma.<\/p>\n<p>Fueron semanas de discusiones y exposiciones de especialistas, quienes rechazaban el plan oficial por poner \u00aben riesgo la independencia\u00bb del m\u00e1ximo tribunal. Por eso, tras la intervenci\u00f3n de los ministros de la Corte para destrabar el debate, decidieron ceder posiciones y elaborar un proyecto en conjunto <em><strong>&#8216;esto fue por consenso, por supuesto que se realizaron los cambios y modificaciones sugeridos y por eso creemos que va a se run adelanto positivo&#8217;.\u00a0<\/strong><\/em><\/p>\n<p><em><strong>&#8216;Las causas que est\u00e1n en vigencias se suman y someten a sorteo&#8217;<\/strong> <\/em>aclar\u00f3 Vi\u00f1olo. Desde ahora, la corte funcionar\u00e1 como un \u00abColegio de Jueces\u00bb para el conocimiento de todas las causas que por v\u00eda de acci\u00f3n o recurso le sean sometidas, a excepci\u00f3n de los casos previstos para el funcionamiento y la sentencia en pleno.<\/p>\n<h6>Gabriel Vallejos<\/h6>\n","protected":false},"excerpt":{"rendered":"<p>Tras la\u00a0controversia inicial\u00a0con el proyecto del oficialismo para\u00a0reformar la Corte Suprema provincial\u00a0y el posterior acuerdo entre los jueces del m\u00e1ximo tribunal, &#8230;<\/p>\n","protected":false},"author":7,"featured_media":85658,"comment_status":"open","ping_status":"open","sticky":false,"template":"","format":"standard","meta":{"footnotes":""},"categories":[5,10],"tags":[],"class_list":["post-114973","post","type-post","status-publish","format-standard","has-post-thumbnail","hentry","category-actualidad","category-destacadas"],"_links":{"self":[{"href":"https:\/\/vinasfm.com\/noticias\/wp-json\/wp\/v2\/posts\/114973","targetHints":{"allow":["GET"]}}],"collection":[{"href":"https:\/\/vinasfm.com\/noticias\/wp-json\/wp\/v2\/posts"}],"about":[{"href":"https:\/\/vinasfm.com\/noticias\/wp-json\/wp\/v2\/types\/post"}],"author":[{"embeddable":true,"href":"https:\/\/vinasfm.com\/noticias\/wp-json\/wp\/v2\/users\/7"}],"replies":[{"embeddable":true,"href":"https:\/\/vinasfm.com\/noticias\/wp-json\/wp\/v2\/comments?post=114973"}],"version-history":[{"count":1,"href":"https:\/\/vinasfm.com\/noticias\/wp-json\/wp\/v2\/posts\/114973\/revisions"}],"predecessor-version":[{"id":114979,"href":"https:\/\/vinasfm.com\/noticias\/wp-json\/wp\/v2\/posts\/114973\/revisions\/114979"}],"wp:featuredmedia":[{"embeddable":true,"href":"https:\/\/vinasfm.com\/noticias\/wp-json\/wp\/v2\/media\/85658"}],"wp:attachment":[{"href":"https:\/\/vinasfm.com\/noticias\/wp-json\/wp\/v2\/media?parent=114973"}],"wp:term":[{"taxonomy":"category","embeddable":true,"href":"https:\/\/vinasfm.com\/noticias\/wp-json\/wp\/v2\/categories?post=114973"},{"taxonomy":"post_tag","embeddable":true,"href":"https:\/\/vinasfm.com\/noticias\/wp-json\/wp\/v2\/tags?post=114973"}],"curies":[{"name":"wp","href":"https:\/\/api.w.org\/{rel}","templated":true}]}}