{"id":114931,"date":"2022-10-22T10:25:51","date_gmt":"2022-10-22T13:25:51","guid":{"rendered":"http:\/\/vinasfm.com\/noticias\/?p=114931"},"modified":"2022-10-22T10:36:43","modified_gmt":"2022-10-22T13:36:43","slug":"que-haran-los-intendentes-de-mendoza-contra-el-cambio-climatico","status":"publish","type":"post","link":"https:\/\/vinasfm.com\/noticias\/que-haran-los-intendentes-de-mendoza-contra-el-cambio-climatico\/","title":{"rendered":"QU\u00c9 HAR\u00c1N LOS INTENDENTES DE MENDOZA CONTRA EL CAMBIO CLIM\u00c1TICO"},"content":{"rendered":"<h4 class=\"description-boxed\"><strong>En 10 d\u00edas los 18 jefes comunales pondr\u00e1n en agenda el problema ambiental cuando firmen un acuerdo de trabajos en cada territorio para disminuir la carga de di\u00f3xido de carbono. C\u00f3mo lo har\u00e1n.<\/strong><\/h4>\n<p>\u00bfQu\u00e9 tienen en com\u00fan la sequ\u00eda que ya padecemos en\u00a0<b>Mendoza<\/b>, y los gases que emitimos permanentemente con las actividades productivas? La respuesta inmediata es el\u00a0<b>cambio clim\u00e1tico<\/b>. Pero la sequ\u00eda es una consecuencia y los gases contaminantes (di\u00f3xido de carbono en su mayor\u00eda) son el origen del efecto invernadero o sea son causantes de cambio clim\u00e1tico ya vigente.<\/p>\n<p>Eso son los trazos gruesos de un problema que se agravar\u00e1 en la medida que no se frene la emisi\u00f3n de gases. La desertificaci\u00f3n ser\u00e1 el paso siguiente a la sequ\u00eda y se har\u00e1 evidente en el ambiente con una velocidad notable. Por eso, mientras nos acercamos a la Cumbre Global contra el Cambio Clim\u00e1tico, la\u00a0<i><b>COP27<\/b><\/i>, que se realizar\u00e1 el lunes 7 de noviembre en Egipto se multiplican las manifestaciones de alerta advirtiendo que ya queda poco tiempo para disminuir y\/o mitigar la emisi\u00f3n de gases.<\/p>\n<p>En ese camino se detectan actos buscando el crear conciencia des\u00e9rtica y descarbonizante. Al menos esa es la intenci\u00f3n macro, aunque estamos lejos de entender colectivamente e individualmente el riesgo ambiental al que caminamos sin tomar conciencia.<\/p>\n<p>Se habla de\u00a0<i>conciencia\u00a0<\/i>tomando este sustantivo en su doble acepci\u00f3n, como la capacidad de las personas para entender y percibir la realidad circundante primero, y el conocimiento cr\u00edtico y reflexivo sobre esa misma evidencia.<\/p>\n<p>&nbsp;<\/p>\n","protected":false},"excerpt":{"rendered":"<p>En 10 d\u00edas los 18 jefes comunales pondr\u00e1n en agenda el problema ambiental cuando firmen un acuerdo de trabajos en cada &#8230;<\/p>\n","protected":false},"author":7,"featured_media":114932,"comment_status":"open","ping_status":"open","sticky":false,"template":"","format":"standard","meta":{"footnotes":""},"categories":[5,10],"tags":[],"class_list":["post-114931","post","type-post","status-publish","format-standard","has-post-thumbnail","hentry","category-actualidad","category-destacadas"],"_links":{"self":[{"href":"https:\/\/vinasfm.com\/noticias\/wp-json\/wp\/v2\/posts\/114931","targetHints":{"allow":["GET"]}}],"collection":[{"href":"https:\/\/vinasfm.com\/noticias\/wp-json\/wp\/v2\/posts"}],"about":[{"href":"https:\/\/vinasfm.com\/noticias\/wp-json\/wp\/v2\/types\/post"}],"author":[{"embeddable":true,"href":"https:\/\/vinasfm.com\/noticias\/wp-json\/wp\/v2\/users\/7"}],"replies":[{"embeddable":true,"href":"https:\/\/vinasfm.com\/noticias\/wp-json\/wp\/v2\/comments?post=114931"}],"version-history":[{"count":1,"href":"https:\/\/vinasfm.com\/noticias\/wp-json\/wp\/v2\/posts\/114931\/revisions"}],"predecessor-version":[{"id":114933,"href":"https:\/\/vinasfm.com\/noticias\/wp-json\/wp\/v2\/posts\/114931\/revisions\/114933"}],"wp:featuredmedia":[{"embeddable":true,"href":"https:\/\/vinasfm.com\/noticias\/wp-json\/wp\/v2\/media\/114932"}],"wp:attachment":[{"href":"https:\/\/vinasfm.com\/noticias\/wp-json\/wp\/v2\/media?parent=114931"}],"wp:term":[{"taxonomy":"category","embeddable":true,"href":"https:\/\/vinasfm.com\/noticias\/wp-json\/wp\/v2\/categories?post=114931"},{"taxonomy":"post_tag","embeddable":true,"href":"https:\/\/vinasfm.com\/noticias\/wp-json\/wp\/v2\/tags?post=114931"}],"curies":[{"name":"wp","href":"https:\/\/api.w.org\/{rel}","templated":true}]}}