{"id":114923,"date":"2022-10-22T09:05:08","date_gmt":"2022-10-22T12:05:08","guid":{"rendered":"http:\/\/vinasfm.com\/noticias\/?p=114923"},"modified":"2022-10-24T09:08:41","modified_gmt":"2022-10-24T12:08:41","slug":"la-escuela-carlos-maria-presento-la-edicion-numero-30-de-sus-olimpiadas","status":"publish","type":"post","link":"https:\/\/vinasfm.com\/noticias\/la-escuela-carlos-maria-presento-la-edicion-numero-30-de-sus-olimpiadas\/","title":{"rendered":"LA ESCUELA CARLOS MAR\u00cdA PRESENT\u00d3 LA EDICI\u00d3N N\u00daMERO 30 DE SUS OLIMPIADAS"},"content":{"rendered":"<h4 style=\"text-align: left;\"><strong>Directivos y alumnos de la Esc. N\u00b0 1-211 \u00abCarlos Mar\u00eda de Alvear\u00bb presentaron la nueva edici\u00f3n de sus Olimpiadas que se llevar\u00e1n a cabo desde el 24 al 27 de octubre y contar\u00e1 con la participaci\u00f3n de 6 escuelas.<\/strong><\/h4>\n<p><em><strong>&#8216;La pr\u00f3xima semana tenemos el inicio de la XXX edici\u00f3n de la olimpiadas de la Escuela Carlos Mar\u00eda&#8217;<\/strong><\/em> indic\u00f3 la directora de la instituci\u00f3n y record\u00f3<em><strong> &#8216;esta ocasi\u00f3n es de juegos pre deportivos y cooperativos&#8217;.<\/strong> <\/em>La organizaci\u00f3n corre por cuenta de los alumnos de s\u00e9ptimo grado y directivos, pero contar\u00e1 con la participaci\u00f3n de escuelas invitadas.<\/p>\n<p>Para el d\u00eda lunes 24 est\u00e1 pactada la inauguraci\u00f3n<em><strong> &#8216;se va llevar a cabo en la plaza a partir de las 9hs con la encendida de la antorcha, luego en la escuela haremos el acto formal y la encendida del fuego ol\u00edmpico&#8217;<\/strong><\/em> mencionaron alumnas de la instituci\u00f3n.<\/p>\n<p>Los d\u00edas 25, 26 y 27 comenzar\u00e1n las actividades planeadas. <em><b>&#8216;Tanto en la ma\u00f1ana como en el turno tarde, se llevar\u00e1n a cabo los juegos pre deportivos d\u00f3nde hay f\u00fatbol, v\u00f3ley, tuball, ajedrez y actividades art\u00edsticas&#8217;.<\/b><\/em> Est\u00e1 edici\u00f3n ser\u00e1 una combinaci\u00f3n y complemento de la tarea escolar.<\/p>\n<p>El 27 ser\u00e1 el cierre<em><strong> &#8216;con la participaci\u00f3n de la profesora Viviana Giaccaria y los alumnos de las escuelas aremos una coreograf\u00eda&#8217;.<\/strong><\/em> M\u00e1s de 300 alumnos de las escuelas urbanas participar\u00e1n de la XXX edici\u00f3n de las \u00ab<strong>Olimpiadas Pre-Deportivas y Cooperativas de la Esc. Carlos Mar\u00eda de Alvear\u00bb.<\/strong><\/p>\n<h6>Gabriel Vallejos<\/h6>\n","protected":false},"excerpt":{"rendered":"<p>Directivos y alumnos de la Esc. N\u00b0 1-211 \u00abCarlos Mar\u00eda de Alvear\u00bb presentaron la nueva edici\u00f3n de sus Olimpiadas que se &#8230;<\/p>\n","protected":false},"author":7,"featured_media":4672,"comment_status":"open","ping_status":"open","sticky":false,"template":"","format":"standard","meta":{"footnotes":""},"categories":[5,3],"tags":[],"class_list":["post-114923","post","type-post","status-publish","format-standard","has-post-thumbnail","hentry","category-actualidad","category-deportes"],"_links":{"self":[{"href":"https:\/\/vinasfm.com\/noticias\/wp-json\/wp\/v2\/posts\/114923","targetHints":{"allow":["GET"]}}],"collection":[{"href":"https:\/\/vinasfm.com\/noticias\/wp-json\/wp\/v2\/posts"}],"about":[{"href":"https:\/\/vinasfm.com\/noticias\/wp-json\/wp\/v2\/types\/post"}],"author":[{"embeddable":true,"href":"https:\/\/vinasfm.com\/noticias\/wp-json\/wp\/v2\/users\/7"}],"replies":[{"embeddable":true,"href":"https:\/\/vinasfm.com\/noticias\/wp-json\/wp\/v2\/comments?post=114923"}],"version-history":[{"count":3,"href":"https:\/\/vinasfm.com\/noticias\/wp-json\/wp\/v2\/posts\/114923\/revisions"}],"predecessor-version":[{"id":114927,"href":"https:\/\/vinasfm.com\/noticias\/wp-json\/wp\/v2\/posts\/114923\/revisions\/114927"}],"wp:featuredmedia":[{"embeddable":true,"href":"https:\/\/vinasfm.com\/noticias\/wp-json\/wp\/v2\/media\/4672"}],"wp:attachment":[{"href":"https:\/\/vinasfm.com\/noticias\/wp-json\/wp\/v2\/media?parent=114923"}],"wp:term":[{"taxonomy":"category","embeddable":true,"href":"https:\/\/vinasfm.com\/noticias\/wp-json\/wp\/v2\/categories?post=114923"},{"taxonomy":"post_tag","embeddable":true,"href":"https:\/\/vinasfm.com\/noticias\/wp-json\/wp\/v2\/tags?post=114923"}],"curies":[{"name":"wp","href":"https:\/\/api.w.org\/{rel}","templated":true}]}}