{"id":114920,"date":"2022-10-22T09:50:37","date_gmt":"2022-10-22T12:50:37","guid":{"rendered":"http:\/\/vinasfm.com\/noticias\/?p=114920"},"modified":"2022-10-22T10:10:16","modified_gmt":"2022-10-22T13:10:16","slug":"continua-la-construccion-de-la-emblematica-casa-salonia","status":"publish","type":"post","link":"https:\/\/vinasfm.com\/noticias\/continua-la-construccion-de-la-emblematica-casa-salonia\/","title":{"rendered":"CONTIN\u00daA LA CONSTRUCCI\u00d3N DE LA EMBLEM\u00c1TICA CASA SALONIA"},"content":{"rendered":"<h4><strong>El intendente Walther Marcolini, junto al Secretario de Obras y Servicios P\u00fablicos Jorge P\u00e9rez, visitaron hoy los avances de la obra que se lleva a cabo en Casa Salonia, lugar emblem\u00e1tico donde funcionar\u00e1 la Direcci\u00f3n de Cultura<\/strong><\/h4>\n<p>Es de destacar que se trata de una restauraci\u00f3n completa de la vieja estructura de 150m2, adem\u00e1s de una ampliaci\u00f3n para un sal\u00f3n de usos m\u00faltiples de 100m2, sanitarios, incluidos para personas con discapacidad y una oficina.<\/p>\n<p>Respecto a esto el Intendente Municipal destac\u00f3: <em><strong>&#8216;La casa salonia que va a hacer la direcci\u00f3n de Cultura es una obra que est\u00e1 avanzando a buen ritmo la cual tiene que estar terminada para diciembre precisamente el 10&#8217;<\/strong><\/em><\/p>\n<p><em><strong>&#8216;Pero adem\u00e1s el apuro es ganarle al proceso inflacionario que cambia permanentemente los costos de los materiales, pero a pesar de eso estamos muy contentos por esta obra que recupera un patrimonio para nuestra ciudad culturalmente y que tiene que ser el inicio de la recuperaci\u00f3n de la Diagonal Carlos Pellegrini&#8217;\u00a0<\/strong><\/em>A\u00f1adi\u00f3 en di\u00e1logo con F.M VI\u00d1AS<\/p>\n<p>Adem\u00e1s se mostr\u00f3 optimista respecto a reconstruir dicha Diagonal ya mencionada:<em><strong> &#8216;En el \u00faltimo a\u00f1o de gesti\u00f3n queremos encarar y poner en valor la Diagonal Carlos Pellegrini as\u00ed que estamos analizando costos y el origen de los fondos siempre es central frente a una econom\u00eda tan turbulenta tener eso result\u00f3 porque si no no podemos encarar&#8217;<\/strong><\/em><\/p>\n","protected":false},"excerpt":{"rendered":"<p>El intendente Walther Marcolini, junto al Secretario de Obras y Servicios P\u00fablicos Jorge P\u00e9rez, visitaron hoy los avances de la obra &#8230;<\/p>\n","protected":false},"author":7,"featured_media":114921,"comment_status":"open","ping_status":"open","sticky":false,"template":"","format":"standard","meta":{"footnotes":""},"categories":[1],"tags":[],"class_list":["post-114920","post","type-post","status-publish","format-standard","has-post-thumbnail","hentry","category-fmvinas"],"_links":{"self":[{"href":"https:\/\/vinasfm.com\/noticias\/wp-json\/wp\/v2\/posts\/114920","targetHints":{"allow":["GET"]}}],"collection":[{"href":"https:\/\/vinasfm.com\/noticias\/wp-json\/wp\/v2\/posts"}],"about":[{"href":"https:\/\/vinasfm.com\/noticias\/wp-json\/wp\/v2\/types\/post"}],"author":[{"embeddable":true,"href":"https:\/\/vinasfm.com\/noticias\/wp-json\/wp\/v2\/users\/7"}],"replies":[{"embeddable":true,"href":"https:\/\/vinasfm.com\/noticias\/wp-json\/wp\/v2\/comments?post=114920"}],"version-history":[{"count":1,"href":"https:\/\/vinasfm.com\/noticias\/wp-json\/wp\/v2\/posts\/114920\/revisions"}],"predecessor-version":[{"id":114922,"href":"https:\/\/vinasfm.com\/noticias\/wp-json\/wp\/v2\/posts\/114920\/revisions\/114922"}],"wp:featuredmedia":[{"embeddable":true,"href":"https:\/\/vinasfm.com\/noticias\/wp-json\/wp\/v2\/media\/114921"}],"wp:attachment":[{"href":"https:\/\/vinasfm.com\/noticias\/wp-json\/wp\/v2\/media?parent=114920"}],"wp:term":[{"taxonomy":"category","embeddable":true,"href":"https:\/\/vinasfm.com\/noticias\/wp-json\/wp\/v2\/categories?post=114920"},{"taxonomy":"post_tag","embeddable":true,"href":"https:\/\/vinasfm.com\/noticias\/wp-json\/wp\/v2\/tags?post=114920"}],"curies":[{"name":"wp","href":"https:\/\/api.w.org\/{rel}","templated":true}]}}