{"id":114906,"date":"2022-10-21T04:58:00","date_gmt":"2022-10-21T07:58:00","guid":{"rendered":"http:\/\/vinasfm.com\/noticias\/?p=114906"},"modified":"2022-10-24T08:29:56","modified_gmt":"2022-10-24T11:29:56","slug":"21-de-octubre-dia-internacional-del-ahorro-de-energia-electrica","status":"publish","type":"post","link":"https:\/\/vinasfm.com\/noticias\/21-de-octubre-dia-internacional-del-ahorro-de-energia-electrica\/","title":{"rendered":"21 DE OCTUBRE: D\u00cdA INTERNACIONAL DEL AHORRO DE ENERG\u00cdA EL\u00c9CTRICA"},"content":{"rendered":"<h4><strong>Desde la Cooperativa El\u00e9ctrica Cecsagal, se contin\u00faa adelante con la Campa\u00f1a \u00abModo Ahorro\u00bb, con la que se busca generar conciencia sobre la importancia del consumo inteligente de energ\u00eda.<\/strong><\/h4>\n<p>Actualmente, el consumo eficiente de energ\u00eda es un h\u00e1bito que intenta generalizarse en todos los pa\u00edses, gobiernos y habitantes del mundo. La realizaci\u00f3n, difusi\u00f3n de actividades y programas ambientales que aborden el tema del uso eficiente de la energ\u00eda resultan fundamentales para mitigar una problem\u00e1tica mundial que tiene su origen en el uso desproporcionado de la energ\u00eda.<\/p>\n<p>Hay pa\u00edses m\u00e1s industrializados que, por lo tanto, alcanzan un mayor consumo de energ\u00eda en comparaci\u00f3n con otros pa\u00edses; sin embargo, no puede dejar de resaltarse que el consumo desproporcionado de energ\u00eda se produce a distintas escalas, es decir, desde los h\u00e1bitos en los hogares hasta las tecnolog\u00edas que aplican grandes industrias, las cuales adem\u00e1s hoy cuentan con un significativo avance tecnol\u00f3gico que les permite producir a grandes escalas con costos ambientales m\u00ednimos o, incluso, irrelevantes para el equilibrio del ecosistema. Por lo tanto, el uso eficiente de la energ\u00eda trasciende a la actividad industrial y puede ser comprendido y habituado en los hogares, lugares de trabajo e instituciones a trav\u00e9s de, por ejemplo, un uso consciente, controlado y proporcionado de energ\u00eda el\u00e9ctrica para el funcionamiento de artefactos (aires acondicionados, ventiladores, iluminaci\u00f3n, etc.), el uso del agua, de combustibles, la discriminaci\u00f3n de desechos para que puedan ser reciclados, etc.<\/p>\n<div>El D\u00eda Mundial del Ahorro de la Energ\u00eda promueve entonces una jornada de reflexi\u00f3n y concientizaci\u00f3n sobre el tema de la energ\u00eda y el uso eficiente de la misma. En este sentido, desde distintas organizaciones gubernamentales e independientes, instituciones educativas y \u00e1reas abocadas al tema de la producci\u00f3n y uso de la energ\u00eda, se invita a la poblaci\u00f3n empresarial y civil a tomar conciencia sobre una problem\u00e1tica que nos responsabiliza y alcanza a todos de distintas formas y a diferentes escalas: la escasez de recursos naturales para dar respuesta a un uso masivo y desproporcionado de la energ\u00eda.<\/div>\n<div><a href=\"http:\/\/vinasfm.com\/noticias\/wp-content\/uploads\/2022\/10\/ahorro_energia.jpg\"><img loading=\"lazy\" decoding=\"async\" class=\"alignnone size-medium wp-image-114907\" src=\"http:\/\/vinasfm.com\/noticias\/wp-content\/uploads\/2022\/10\/ahorro_energia-169x300.jpg\" alt=\"\" width=\"169\" height=\"300\" srcset=\"https:\/\/vinasfm.com\/noticias\/wp-content\/uploads\/2022\/10\/ahorro_energia-169x300.jpg 169w, https:\/\/vinasfm.com\/noticias\/wp-content\/uploads\/2022\/10\/ahorro_energia-576x1024.jpg 576w, https:\/\/vinasfm.com\/noticias\/wp-content\/uploads\/2022\/10\/ahorro_energia.jpg 720w\" sizes=\"auto, (max-width: 169px) 100vw, 169px\" \/><\/a><\/div>\n","protected":false},"excerpt":{"rendered":"<p>Desde la Cooperativa El\u00e9ctrica Cecsagal, se contin\u00faa adelante con la Campa\u00f1a \u00abModo Ahorro\u00bb, con la que se busca generar conciencia sobre &#8230;<\/p>\n","protected":false},"author":7,"featured_media":114908,"comment_status":"open","ping_status":"open","sticky":false,"template":"","format":"standard","meta":{"footnotes":""},"categories":[5,10],"tags":[],"class_list":["post-114906","post","type-post","status-publish","format-standard","has-post-thumbnail","hentry","category-actualidad","category-destacadas"],"_links":{"self":[{"href":"https:\/\/vinasfm.com\/noticias\/wp-json\/wp\/v2\/posts\/114906","targetHints":{"allow":["GET"]}}],"collection":[{"href":"https:\/\/vinasfm.com\/noticias\/wp-json\/wp\/v2\/posts"}],"about":[{"href":"https:\/\/vinasfm.com\/noticias\/wp-json\/wp\/v2\/types\/post"}],"author":[{"embeddable":true,"href":"https:\/\/vinasfm.com\/noticias\/wp-json\/wp\/v2\/users\/7"}],"replies":[{"embeddable":true,"href":"https:\/\/vinasfm.com\/noticias\/wp-json\/wp\/v2\/comments?post=114906"}],"version-history":[{"count":1,"href":"https:\/\/vinasfm.com\/noticias\/wp-json\/wp\/v2\/posts\/114906\/revisions"}],"predecessor-version":[{"id":114909,"href":"https:\/\/vinasfm.com\/noticias\/wp-json\/wp\/v2\/posts\/114906\/revisions\/114909"}],"wp:featuredmedia":[{"embeddable":true,"href":"https:\/\/vinasfm.com\/noticias\/wp-json\/wp\/v2\/media\/114908"}],"wp:attachment":[{"href":"https:\/\/vinasfm.com\/noticias\/wp-json\/wp\/v2\/media?parent=114906"}],"wp:term":[{"taxonomy":"category","embeddable":true,"href":"https:\/\/vinasfm.com\/noticias\/wp-json\/wp\/v2\/categories?post=114906"},{"taxonomy":"post_tag","embeddable":true,"href":"https:\/\/vinasfm.com\/noticias\/wp-json\/wp\/v2\/tags?post=114906"}],"curies":[{"name":"wp","href":"https:\/\/api.w.org\/{rel}","templated":true}]}}