{"id":114901,"date":"2022-10-21T06:22:48","date_gmt":"2022-10-21T09:22:48","guid":{"rendered":"http:\/\/vinasfm.com\/noticias\/?p=114901"},"modified":"2022-10-21T11:47:00","modified_gmt":"2022-10-21T14:47:00","slug":"este-viernes-ingresa-un-frente-frio-en-mendoza-y-hay-alerta-por-viento","status":"publish","type":"post","link":"https:\/\/vinasfm.com\/noticias\/este-viernes-ingresa-un-frente-frio-en-mendoza-y-hay-alerta-por-viento\/","title":{"rendered":"ESTE VIERNES INGRESA UN FRENTE FR\u00cdO EN MENDOZA Y HAY ALERTA POR VIENTO"},"content":{"rendered":"<h4 class=\"description-boxed\"><strong>Afectar\u00e1 a gran parte de la provincia. Adem\u00e1s, el viento Sur puede tener r\u00e1fagas fuertes que superen los 65 kil\u00f3metros por hora.<\/strong><\/h4>\n<div class=\"zone zone_interp\">\n<aside class=\"piece banner standard\">\n<div data-dfp-banner-display=\"1\" data-dfp-path=\"\/115771999\/notas_interparrafo_1\" data-dfp-type=\"interparrafo\" data-dfp-id=\"interparrafo_1\" data-google-query-id=\"CImS8fXG8foCFaMzuQYdtFUFTQ\">Defensa Civil, Contingencias Clim\u00e1ticas y el Servicio Meteorol\u00f3gico Nacional informaron que este viernes\u00a0<b>ingresar\u00e1 un frente fr\u00edo a Mendoza<\/b>\u00a0durante la mayor parte de la jornada y que hay\u00a0<b>alerta por viento Sur,<\/b>\u00a0sobre todo a la tarde, que pueden traer aparejadas r\u00e1fagas de hasta 65 kil\u00f3metros por hora.<\/div>\n<div data-dfp-banner-display=\"1\" data-dfp-path=\"\/115771999\/notas_interparrafo_1\" data-dfp-type=\"interparrafo\" data-dfp-id=\"interparrafo_1\" data-google-query-id=\"CImS8fXG8foCFaMzuQYdtFUFTQ\">Seg\u00fan inform\u00f3\u00a0<b>Defensa Civil\u00a0<\/b>durante la noche del jueves, para este viernes 21 de octubre habr\u00e1 un <em><strong>&#8216;ingreso de frente fr\u00edo, provoca condiciones de viento Sur.\u00a0Indiciando por la madrugada de los departamentos de Zona Sur (r\u00e1fagas fuertes), posteriormente afectar\u00eda Zona Este (r\u00e1fagas fuertes)&#8217;.<\/strong><\/em><\/div>\n<div data-dfp-banner-display=\"1\" data-dfp-path=\"\/115771999\/notas_interparrafo_1\" data-dfp-type=\"interparrafo\" data-dfp-id=\"interparrafo_1\" data-google-query-id=\"CImS8fXG8foCFaMzuQYdtFUFTQ\"><em><strong>&#8216;Probabilidad de que el viento se perciba en algunos departamentos del Gran Mendoza\u00a0(r\u00e1fagas moderadas a fuertes). Las condiciones de viento se extender\u00edan durante\u00a0toda la jornada&#8217;<\/strong><\/em>, agregaron en sus redes sociales.<\/div>\n<div data-dfp-banner-display=\"1\" data-dfp-path=\"\/115771999\/notas_interparrafo_1\" data-dfp-type=\"interparrafo\" data-dfp-id=\"interparrafo_1\" data-google-query-id=\"CImS8fXG8foCFaMzuQYdtFUFTQ\">\n<p>Este viernes desde las 14 hs. y hasta las 18 hs., se presentar\u00e1 sobre nuestro departamento, viento sur de intensidad moderada a fuerte con r\u00e1fagas que pueden superar los 60 km\/h.<\/p>\n<p>A partir de las 18 hs. aproximadamente, la intensidad ser\u00e1 de d\u00e9bil a moderada hasta la medianoche.<br \/>\nAnte esto circular con precauci\u00f3n atento a \u00e9ste fen\u00f3meno meteorol\u00f3gico .<\/p>\n<\/div>\n<\/aside>\n<\/div>\n","protected":false},"excerpt":{"rendered":"<p>Afectar\u00e1 a gran parte de la provincia. Adem\u00e1s, el viento Sur puede tener r\u00e1fagas fuertes que superen los 65 kil\u00f3metros por &#8230;<\/p>\n","protected":false},"author":7,"featured_media":114903,"comment_status":"open","ping_status":"open","sticky":false,"template":"","format":"standard","meta":{"footnotes":""},"categories":[1],"tags":[],"class_list":["post-114901","post","type-post","status-publish","format-standard","has-post-thumbnail","hentry","category-fmvinas"],"_links":{"self":[{"href":"https:\/\/vinasfm.com\/noticias\/wp-json\/wp\/v2\/posts\/114901","targetHints":{"allow":["GET"]}}],"collection":[{"href":"https:\/\/vinasfm.com\/noticias\/wp-json\/wp\/v2\/posts"}],"about":[{"href":"https:\/\/vinasfm.com\/noticias\/wp-json\/wp\/v2\/types\/post"}],"author":[{"embeddable":true,"href":"https:\/\/vinasfm.com\/noticias\/wp-json\/wp\/v2\/users\/7"}],"replies":[{"embeddable":true,"href":"https:\/\/vinasfm.com\/noticias\/wp-json\/wp\/v2\/comments?post=114901"}],"version-history":[{"count":1,"href":"https:\/\/vinasfm.com\/noticias\/wp-json\/wp\/v2\/posts\/114901\/revisions"}],"predecessor-version":[{"id":114905,"href":"https:\/\/vinasfm.com\/noticias\/wp-json\/wp\/v2\/posts\/114901\/revisions\/114905"}],"wp:featuredmedia":[{"embeddable":true,"href":"https:\/\/vinasfm.com\/noticias\/wp-json\/wp\/v2\/media\/114903"}],"wp:attachment":[{"href":"https:\/\/vinasfm.com\/noticias\/wp-json\/wp\/v2\/media?parent=114901"}],"wp:term":[{"taxonomy":"category","embeddable":true,"href":"https:\/\/vinasfm.com\/noticias\/wp-json\/wp\/v2\/categories?post=114901"},{"taxonomy":"post_tag","embeddable":true,"href":"https:\/\/vinasfm.com\/noticias\/wp-json\/wp\/v2\/tags?post=114901"}],"curies":[{"name":"wp","href":"https:\/\/api.w.org\/{rel}","templated":true}]}}