{"id":114898,"date":"2022-10-21T10:49:38","date_gmt":"2022-10-21T13:49:38","guid":{"rendered":"http:\/\/vinasfm.com\/noticias\/?p=114898"},"modified":"2022-10-21T10:49:38","modified_gmt":"2022-10-21T13:49:38","slug":"tardecitas-de-domingo-tendra-su-edicion-en-alvear-oeste","status":"publish","type":"post","link":"https:\/\/vinasfm.com\/noticias\/tardecitas-de-domingo-tendra-su-edicion-en-alvear-oeste\/","title":{"rendered":"TARDECITAS DE DOMINGO TENDR\u00c1 SU EDICI\u00d3N EN ALVEAR OESTE"},"content":{"rendered":"<h4><strong>Con la compa\u00f1\u00eda del clima, \u00abTardecitas de domingo\u00bb llegar\u00e1 este domingo a la plaza Manuel Belgrano en Alvear Oeste.\u00a0<\/strong><\/h4>\n<p>El evento que se realiz\u00f3 en Bowen se replicar\u00e1 este fin de semana en Alvear Oeste, que estaba pensado para el mes anterior, pero por complicaciones meteorol\u00f3gicas se pospuso. <em><strong>&#8216;Estos eventos movilizan la econom\u00eda social debido a que muchos artesanos y productores se acercan a participar&#8217;<\/strong> <\/em>destac\u00f3 Emanuel Navarro, delegado del distrito.<\/p>\n<p>En el evento se presentar\u00e1n distintos shows art\u00edsticos que concentrar\u00e1 un gr\u00e1n n\u00famero de p\u00fablico. \u00abTardecitas de Domingo\u00bb tendr\u00e1 lugar el domingo 23 de octubre a partir de las 17hs.<\/p>\n<p><em><strong>&#8216;Los artesanos que desean participar deben acercarse a Econom\u00eda Social para coordinar los requisitos necesarios para estar presentes&#8217;<\/strong><\/em> mencion\u00f3 Navarro.<\/p>\n","protected":false},"excerpt":{"rendered":"<p>Con la compa\u00f1\u00eda del clima, \u00abTardecitas de domingo\u00bb llegar\u00e1 este domingo a la plaza Manuel Belgrano en Alvear Oeste.\u00a0 El evento &#8230;<\/p>\n","protected":false},"author":7,"featured_media":60757,"comment_status":"open","ping_status":"open","sticky":false,"template":"","format":"standard","meta":{"footnotes":""},"categories":[5,19],"tags":[],"class_list":["post-114898","post","type-post","status-publish","format-standard","has-post-thumbnail","hentry","category-actualidad","category-cultura"],"_links":{"self":[{"href":"https:\/\/vinasfm.com\/noticias\/wp-json\/wp\/v2\/posts\/114898","targetHints":{"allow":["GET"]}}],"collection":[{"href":"https:\/\/vinasfm.com\/noticias\/wp-json\/wp\/v2\/posts"}],"about":[{"href":"https:\/\/vinasfm.com\/noticias\/wp-json\/wp\/v2\/types\/post"}],"author":[{"embeddable":true,"href":"https:\/\/vinasfm.com\/noticias\/wp-json\/wp\/v2\/users\/7"}],"replies":[{"embeddable":true,"href":"https:\/\/vinasfm.com\/noticias\/wp-json\/wp\/v2\/comments?post=114898"}],"version-history":[{"count":1,"href":"https:\/\/vinasfm.com\/noticias\/wp-json\/wp\/v2\/posts\/114898\/revisions"}],"predecessor-version":[{"id":114899,"href":"https:\/\/vinasfm.com\/noticias\/wp-json\/wp\/v2\/posts\/114898\/revisions\/114899"}],"wp:featuredmedia":[{"embeddable":true,"href":"https:\/\/vinasfm.com\/noticias\/wp-json\/wp\/v2\/media\/60757"}],"wp:attachment":[{"href":"https:\/\/vinasfm.com\/noticias\/wp-json\/wp\/v2\/media?parent=114898"}],"wp:term":[{"taxonomy":"category","embeddable":true,"href":"https:\/\/vinasfm.com\/noticias\/wp-json\/wp\/v2\/categories?post=114898"},{"taxonomy":"post_tag","embeddable":true,"href":"https:\/\/vinasfm.com\/noticias\/wp-json\/wp\/v2\/tags?post=114898"}],"curies":[{"name":"wp","href":"https:\/\/api.w.org\/{rel}","templated":true}]}}