{"id":114896,"date":"2022-10-21T10:30:53","date_gmt":"2022-10-21T13:30:53","guid":{"rendered":"http:\/\/vinasfm.com\/noticias\/?p=114896"},"modified":"2022-10-24T08:32:43","modified_gmt":"2022-10-24T11:32:43","slug":"costanera-inclusiva-el-proyecto-que-busca-facilitar-el-acceso-para-sillas-de-ruedas","status":"publish","type":"post","link":"https:\/\/vinasfm.com\/noticias\/costanera-inclusiva-el-proyecto-que-busca-facilitar-el-acceso-para-sillas-de-ruedas\/","title":{"rendered":"COSTANERA INCLUSIVA: EL PROYECTO QUE BUSCA FACILITAR EL ACCESO PARA SILLAS DE RUEDAS"},"content":{"rendered":"<h4><strong>En dialogo con F.M VI\u00d1AS, la Concejal Hebe Katzer adelant\u00f3 el proyecto que busca trabajar la inclusividad en Costanera Alvear.\u00a0<\/strong><\/h4>\n<p><em><strong>&#8216;A ra\u00edz de seguir buscando lugares m\u00e1s inclusivos nos dimos cuenta que la playita tiene un problema de accesibilidad&#8217;<\/strong><\/em> mencion\u00f3 Hebe Katzer.<strong><em> &#8216;Ser\u00eda bueno que las personas que tienen una discapacidad, sobre todo una discapacidad motriz, puedan tener un lugar en Costanera&#8217;<\/em><\/strong> indic\u00f3. El proyecto busca crear un sendero accesible para que las personas, que encuentren una complicaci\u00f3n, puedan llegar hasta la costa del R\u00edo Atuel.<\/p>\n<p><strong><em>&#8216;Tenemos que empezar a pensar en una ciudad m\u00e1s inclusiva y prestar atenci\u00f3n a estas barreras que se presentan en la sociedad&#8217;.<\/em><\/strong> Otra interferencia que se encuentra en los espacios p\u00fablicos son los ba\u00f1os no adaptados <strong><em>&#8216;es algo importante en lo que deber\u00edamos prestar atenci\u00f3n&#8217;.\u00a0<\/em><\/strong><\/p>\n<p>Lo que se plantean es tener a disposici\u00f3n todo tipo de elementos necesarios que resulten \u00fatiles para las personas con discapacidades. <em><strong>&#8216;Los lugares tienen que ser accesibles para todos, uno no se da cuenta hasta que convive alguien que no convive hasta con una persona con silla de ruedas&#8217;<\/strong><\/em>\u00a0destac\u00f3 Katzer y agreg\u00f3 <em><strong>&#8216;como ciudadanos tenemos que ser indicadores de barreras&#8217;.<\/strong><\/em><\/p>\n<h6>Gabriel Vallejos<\/h6>\n","protected":false},"excerpt":{"rendered":"<p>En dialogo con F.M VI\u00d1AS, la Concejal Hebe Katzer adelant\u00f3 el proyecto que busca trabajar la inclusividad en Costanera Alvear.\u00a0 &#8216;A &#8230;<\/p>\n","protected":false},"author":7,"featured_media":29619,"comment_status":"open","ping_status":"open","sticky":false,"template":"","format":"standard","meta":{"footnotes":""},"categories":[5,10],"tags":[],"class_list":["post-114896","post","type-post","status-publish","format-standard","has-post-thumbnail","hentry","category-actualidad","category-destacadas"],"_links":{"self":[{"href":"https:\/\/vinasfm.com\/noticias\/wp-json\/wp\/v2\/posts\/114896","targetHints":{"allow":["GET"]}}],"collection":[{"href":"https:\/\/vinasfm.com\/noticias\/wp-json\/wp\/v2\/posts"}],"about":[{"href":"https:\/\/vinasfm.com\/noticias\/wp-json\/wp\/v2\/types\/post"}],"author":[{"embeddable":true,"href":"https:\/\/vinasfm.com\/noticias\/wp-json\/wp\/v2\/users\/7"}],"replies":[{"embeddable":true,"href":"https:\/\/vinasfm.com\/noticias\/wp-json\/wp\/v2\/comments?post=114896"}],"version-history":[{"count":1,"href":"https:\/\/vinasfm.com\/noticias\/wp-json\/wp\/v2\/posts\/114896\/revisions"}],"predecessor-version":[{"id":114897,"href":"https:\/\/vinasfm.com\/noticias\/wp-json\/wp\/v2\/posts\/114896\/revisions\/114897"}],"wp:featuredmedia":[{"embeddable":true,"href":"https:\/\/vinasfm.com\/noticias\/wp-json\/wp\/v2\/media\/29619"}],"wp:attachment":[{"href":"https:\/\/vinasfm.com\/noticias\/wp-json\/wp\/v2\/media?parent=114896"}],"wp:term":[{"taxonomy":"category","embeddable":true,"href":"https:\/\/vinasfm.com\/noticias\/wp-json\/wp\/v2\/categories?post=114896"},{"taxonomy":"post_tag","embeddable":true,"href":"https:\/\/vinasfm.com\/noticias\/wp-json\/wp\/v2\/tags?post=114896"}],"curies":[{"name":"wp","href":"https:\/\/api.w.org\/{rel}","templated":true}]}}