{"id":114888,"date":"2022-10-21T09:29:53","date_gmt":"2022-10-21T12:29:53","guid":{"rendered":"http:\/\/vinasfm.com\/noticias\/?p=114888"},"modified":"2022-10-21T09:32:25","modified_gmt":"2022-10-21T12:32:25","slug":"agenda-cultural-para-este-fin-de-semana-en-el-departamento","status":"publish","type":"post","link":"https:\/\/vinasfm.com\/noticias\/agenda-cultural-para-este-fin-de-semana-en-el-departamento\/","title":{"rendered":"AGENDA CULTURAL PARA ESTE FIN DE SEMANA EN EL DEPARTAMENTO"},"content":{"rendered":"<h4><strong>Nuevo fin de semana para disfrutar las diferentes actividades que ofrece el Cine- Teatro Antonio Lafalla en la semana del arte General Alvear con dos propuestas para el p\u00fablico<\/strong><\/h4>\n<p>El s\u00e1bado 22 de octubre a las 21:30 en el \u00abCine Teatro Antonio Lafalla\u00bb se presentar\u00e1 la obra teatral <strong><em>\u00abESPERANDO A MAM\u00c1\u00bb<\/em><\/strong>, <strong><em>&#8216;Es un elenco de San Rafael que estamos gustosos de recibir&#8217;. <\/em><\/strong>La obra estrenar\u00e1 en nuestro departamento debido a la &#8216;gran recepci\u00f3n que nos ha dado el departamento&#8217; mencion\u00f3 el elenco.<\/p>\n<p><em><strong>&#8216;Estamos en el proceso de la V Bienal de Arte Atuel, que se lanz\u00f3 a fines de marzo y finaliza el 5 de noviembre con la llegada de los jueces y la exposici\u00f3n de las obras seleccionadas&#8217;<\/strong><\/em> indic\u00f3 Liana Piedrafita, Directora de Cultura. <em><strong>&#8216;Una vez m\u00e1s la convocatoria ha sido fant\u00e1stica expres\u00f3<\/strong><\/em> Piedrafita y destac\u00f3 <strong><em>&#8216;en esta edici\u00f3n participaron m\u00e1s de 30 provincias de todo el pa\u00eds&#8217;.<\/em><\/strong> La V Bienal organizada por la Municipalidad de General Alvear a trav\u00e9s de la Direcci\u00f3n de Cultura tiene como objetivo de promover el desarrollo de las artes pl\u00e1sticas, poniendo especial atenci\u00f3n a los componentes de innovaci\u00f3n.<\/p>\n<h6>Gabriel Vallejos<\/h6>\n","protected":false},"excerpt":{"rendered":"<p>Nuevo fin de semana para disfrutar las diferentes actividades que ofrece el Cine- Teatro Antonio Lafalla en la semana del arte &#8230;<\/p>\n","protected":false},"author":7,"featured_media":40103,"comment_status":"open","ping_status":"open","sticky":false,"template":"","format":"standard","meta":{"footnotes":""},"categories":[5,19],"tags":[],"class_list":["post-114888","post","type-post","status-publish","format-standard","has-post-thumbnail","hentry","category-actualidad","category-cultura"],"_links":{"self":[{"href":"https:\/\/vinasfm.com\/noticias\/wp-json\/wp\/v2\/posts\/114888","targetHints":{"allow":["GET"]}}],"collection":[{"href":"https:\/\/vinasfm.com\/noticias\/wp-json\/wp\/v2\/posts"}],"about":[{"href":"https:\/\/vinasfm.com\/noticias\/wp-json\/wp\/v2\/types\/post"}],"author":[{"embeddable":true,"href":"https:\/\/vinasfm.com\/noticias\/wp-json\/wp\/v2\/users\/7"}],"replies":[{"embeddable":true,"href":"https:\/\/vinasfm.com\/noticias\/wp-json\/wp\/v2\/comments?post=114888"}],"version-history":[{"count":3,"href":"https:\/\/vinasfm.com\/noticias\/wp-json\/wp\/v2\/posts\/114888\/revisions"}],"predecessor-version":[{"id":114891,"href":"https:\/\/vinasfm.com\/noticias\/wp-json\/wp\/v2\/posts\/114888\/revisions\/114891"}],"wp:featuredmedia":[{"embeddable":true,"href":"https:\/\/vinasfm.com\/noticias\/wp-json\/wp\/v2\/media\/40103"}],"wp:attachment":[{"href":"https:\/\/vinasfm.com\/noticias\/wp-json\/wp\/v2\/media?parent=114888"}],"wp:term":[{"taxonomy":"category","embeddable":true,"href":"https:\/\/vinasfm.com\/noticias\/wp-json\/wp\/v2\/categories?post=114888"},{"taxonomy":"post_tag","embeddable":true,"href":"https:\/\/vinasfm.com\/noticias\/wp-json\/wp\/v2\/tags?post=114888"}],"curies":[{"name":"wp","href":"https:\/\/api.w.org\/{rel}","templated":true}]}}