{"id":114873,"date":"2022-10-21T09:01:11","date_gmt":"2022-10-21T12:01:11","guid":{"rendered":"http:\/\/vinasfm.com\/noticias\/?p=114873"},"modified":"2022-10-21T11:20:57","modified_gmt":"2022-10-21T14:20:57","slug":"historicos-una-nueva-aventura","status":"publish","type":"post","link":"https:\/\/vinasfm.com\/noticias\/historicos-una-nueva-aventura\/","title":{"rendered":"LOS HISTORICOS: UNA NUEVA AVENTURA"},"content":{"rendered":"<h4><strong>El grupo Hist\u00f3ricos organiza una nueva traves\u00eda pactada para el 5 y 6 de noviembre. Esta ser\u00e1 la tercera edici\u00f3n.<\/strong><\/h4>\n<p><em><strong>&#8216;Tenemos ganas de reflotar las salidas que hacemos al campo y que a la gente le gusta mucho, se divierten y la pasan bien&#8217;<\/strong><\/em> indicaron miembros de Hist\u00f3ricos e indicaron <em><strong>&#8216;hace casi dos a\u00f1os que no lo hac\u00edamos, tuvimos una salida este a\u00f1o al puesto Ortubia&#8217;.<\/strong><\/em><\/p>\n<p>Hist\u00f3ricos acostumbra a viajar por Ruta 184 pero esta traves\u00eda tiene nuevos cambiones <em><strong>&#8216;quisimos recorrer India Muerta y la parte trasera del Nevado&#8217;<\/strong><\/em>. el Viaje que dar\u00e1 inicio a primera hora llegar\u00e1 a punta de agua y transitar\u00e1 por Ruta 143, 190, 180 y el sector sur de El Nevado. <strong><em>&#8216;El objetivo de esta salida es llegar a Agua Escondida&#8217;.<\/em><\/strong><\/p>\n<p>El tr\u00e1nsito ser\u00e1 tranquilo <strong><em>&#8216;no es una carrera, es una caravana&#8217;<\/em><\/strong> explicaron y recomendaron utilizar veh\u00edculos altos por las dificultades que puedan presentar los caminos <em><strong>&#8216;normalmente los caminos se pueden complicar, por eso recomendamos viajar en camionetas&#8217;.<\/strong><\/em> Para los que decidan participar de la nueva traves\u00eda deber\u00e1n abonar $2000 por camioneta o $1500 por moto y cuatriciclo, adem\u00e1s el costo del alojamiento en Agua Escondida tendr\u00e1 un valor de $500 por carpa. Inscripciones abiertas desde el <strong>24 de octubre al 3 de noviembre.<\/strong><\/p>\n","protected":false},"excerpt":{"rendered":"<p>El grupo Hist\u00f3ricos organiza una nueva traves\u00eda pactada para el 5 y 6 de noviembre. Esta ser\u00e1 la tercera edici\u00f3n. &#8216;Tenemos &#8230;<\/p>\n","protected":false},"author":7,"featured_media":114884,"comment_status":"open","ping_status":"open","sticky":false,"template":"","format":"standard","meta":{"footnotes":""},"categories":[5,10],"tags":[],"class_list":["post-114873","post","type-post","status-publish","format-standard","has-post-thumbnail","hentry","category-actualidad","category-destacadas"],"_links":{"self":[{"href":"https:\/\/vinasfm.com\/noticias\/wp-json\/wp\/v2\/posts\/114873","targetHints":{"allow":["GET"]}}],"collection":[{"href":"https:\/\/vinasfm.com\/noticias\/wp-json\/wp\/v2\/posts"}],"about":[{"href":"https:\/\/vinasfm.com\/noticias\/wp-json\/wp\/v2\/types\/post"}],"author":[{"embeddable":true,"href":"https:\/\/vinasfm.com\/noticias\/wp-json\/wp\/v2\/users\/7"}],"replies":[{"embeddable":true,"href":"https:\/\/vinasfm.com\/noticias\/wp-json\/wp\/v2\/comments?post=114873"}],"version-history":[{"count":3,"href":"https:\/\/vinasfm.com\/noticias\/wp-json\/wp\/v2\/posts\/114873\/revisions"}],"predecessor-version":[{"id":114900,"href":"https:\/\/vinasfm.com\/noticias\/wp-json\/wp\/v2\/posts\/114873\/revisions\/114900"}],"wp:featuredmedia":[{"embeddable":true,"href":"https:\/\/vinasfm.com\/noticias\/wp-json\/wp\/v2\/media\/114884"}],"wp:attachment":[{"href":"https:\/\/vinasfm.com\/noticias\/wp-json\/wp\/v2\/media?parent=114873"}],"wp:term":[{"taxonomy":"category","embeddable":true,"href":"https:\/\/vinasfm.com\/noticias\/wp-json\/wp\/v2\/categories?post=114873"},{"taxonomy":"post_tag","embeddable":true,"href":"https:\/\/vinasfm.com\/noticias\/wp-json\/wp\/v2\/tags?post=114873"}],"curies":[{"name":"wp","href":"https:\/\/api.w.org\/{rel}","templated":true}]}}